{"id":6329,"date":"2026-08-30T22:11:36","date_gmt":"2026-08-30T22:11:36","guid":{"rendered":"https:\/\/cnnbra.com.br\/al\/?p=6329"},"modified":"2026-08-30T22:11:37","modified_gmt":"2026-08-30T22:11:37","slug":"forca-nas-ruas-arthur-lira-participa-de-caminhadas-e-carreatas-ao-lado-de-jhc-e-marina-na-zona-da-mata","status":"publish","type":"post","link":"https:\/\/cnnbra.com.br\/al\/blog\/2026\/08\/30\/forca-nas-ruas-arthur-lira-participa-de-caminhadas-e-carreatas-ao-lado-de-jhc-e-marina-na-zona-da-mata\/","title":{"rendered":"FOR\u00c7A NAS RUAS &#8211; Arthur Lira participa de caminhadas e carreatas ao lado de JHC e Marina na Zona da Mata"},"content":{"rendered":"\n<h5 class=\"wp-block-heading\">Mobiliza\u00e7\u00f5es em Ch\u00e3 Preta e Vi\u00e7osa reuniram milhares de apoiadores neste domingo (30), em atos que tamb\u00e9m passaram por Capela e Cajueiro<\/h5>\n\n\n\n<p>Na dianteira das pesquisas para o Senado Federal, Arthur Lira participou, neste domingo (30), de uma s\u00e9rie de caminhadas e carreatas ao lado de JHC e Marina nos munic\u00edpios de Ch\u00e3 Preta e Vi\u00e7osa, na Zona da Mata de Alagoas. As mobiliza\u00e7\u00f5es reuniram milhares de apoiadores e movimentaram as ruas das duas cidades.<\/p>\n\n\n\n<p>Durante os atos, moradores deixaram suas casas para acompanhar a passagem da comitiva, levando bandeiras e demonstrando apoio aos candidatos. Fam\u00edlias, jovens, trabalhadores e lideran\u00e7as comunit\u00e1rias participaram das caminhadas, enquanto filas de ve\u00edculos percorreram as principais vias dos munic\u00edpios.<\/p>\n\n\n\n<p>As mobiliza\u00e7\u00f5es tamb\u00e9m contaram com a presen\u00e7a do candidato a deputado federal \u00c1lvaro Lira e da candidata a deputada federal Olivia Ten\u00f3rio. Candidatos a deputado estadual e federal, prefeitos, vereadores, lideran\u00e7as pol\u00edticas e apoiadores de diferentes comunidades tamb\u00e9m acompanharam a programa\u00e7\u00e3o.<\/p>\n\n\n\n<p>L\u00edder nas pesquisas para o Senado, Arthur Lira afirmou que a receptividade encontrada nos munic\u00edpios representa, segundo ele, o reconhecimento ao trabalho desenvolvido em favor de Alagoas. O candidato destacou sua atua\u00e7\u00e3o como deputado federal e afirmou ter destinado recursos para os 102 munic\u00edpios do estado.<\/p>\n\n\n\n<p>\u201cCh\u00e3 Preta e Vi\u00e7osa deram uma demonstra\u00e7\u00e3o extraordin\u00e1ria de carinho, confian\u00e7a e desejo de mudan\u00e7a. Ver as ruas cheias aumenta ainda mais a nossa responsabilidade. No Senado, vamos ampliar esse trabalho e garantir novos investimentos para cada munic\u00edpio alagoano\u201d, afirmou Arthur Lira.<\/p>\n\n\n\n<figure class=\"wp-block-gallery has-nested-images columns-default is-cropped wp-block-gallery-1 is-layout-flex wp-block-gallery-is-layout-flex\">\n<figure class=\"wp-block-image size-large\"><img fetchpriority=\"high\" decoding=\"async\" width=\"683\" height=\"1024\" data-id=\"6332\" src=\"https:\/\/cnnbra.com.br\/al\/wp-content\/uploads\/sites\/3\/2026\/08\/1001027948-683x1024.jpg\" alt=\"\" class=\"wp-image-6332\" srcset=\"https:\/\/cnnbra.com.br\/al\/wp-content\/uploads\/sites\/3\/2026\/08\/1001027948-683x1024.jpg 683w, https:\/\/cnnbra.com.br\/al\/wp-content\/uploads\/sites\/3\/2026\/08\/1001027948-200x300.jpg 200w, https:\/\/cnnbra.com.br\/al\/wp-content\/uploads\/sites\/3\/2026\/08\/1001027948-768x1152.jpg 768w, https:\/\/cnnbra.com.br\/al\/wp-content\/uploads\/sites\/3\/2026\/08\/1001027948-1024x1536.jpg 1024w, https:\/\/cnnbra.com.br\/al\/wp-content\/uploads\/sites\/3\/2026\/08\/1001027948-1365x2048.jpg 1365w, https:\/\/cnnbra.com.br\/al\/wp-content\/uploads\/sites\/3\/2026\/08\/1001027948-scaled.jpg 1706w\" sizes=\"(max-width: 683px) 100vw, 683px\" \/><\/figure>\n\n\n\n<figure class=\"wp-block-image size-large\"><img decoding=\"async\" width=\"840\" height=\"1024\" data-id=\"6330\" src=\"https:\/\/cnnbra.com.br\/al\/wp-content\/uploads\/sites\/3\/2026\/08\/1001027925-840x1024.jpg\" alt=\"\" class=\"wp-image-6330\" srcset=\"https:\/\/cnnbra.com.br\/al\/wp-content\/uploads\/sites\/3\/2026\/08\/1001027925-840x1024.jpg 840w, https:\/\/cnnbra.com.br\/al\/wp-content\/uploads\/sites\/3\/2026\/08\/1001027925-246x300.jpg 246w, https:\/\/cnnbra.com.br\/al\/wp-content\/uploads\/sites\/3\/2026\/08\/1001027925-768x936.jpg 768w, https:\/\/cnnbra.com.br\/al\/wp-content\/uploads\/sites\/3\/2026\/08\/1001027925.jpg 1079w\" sizes=\"(max-width: 840px) 100vw, 840px\" \/><\/figure>\n\n\n\n<figure class=\"wp-block-image size-large\"><img decoding=\"async\" width=\"472\" height=\"1024\" data-id=\"6331\" src=\"https:\/\/cnnbra.com.br\/al\/wp-content\/uploads\/sites\/3\/2026\/08\/1001027927-472x1024.jpg\" alt=\"\" class=\"wp-image-6331\" srcset=\"https:\/\/cnnbra.com.br\/al\/wp-content\/uploads\/sites\/3\/2026\/08\/1001027927-472x1024.jpg 472w, https:\/\/cnnbra.com.br\/al\/wp-content\/uploads\/sites\/3\/2026\/08\/1001027927-138x300.jpg 138w, https:\/\/cnnbra.com.br\/al\/wp-content\/uploads\/sites\/3\/2026\/08\/1001027927-708x1536.jpg 708w, https:\/\/cnnbra.com.br\/al\/wp-content\/uploads\/sites\/3\/2026\/08\/1001027927.jpg 738w\" sizes=\"(max-width: 472px) 100vw, 472px\" \/><\/figure>\n\n\n\n<figure class=\"wp-block-image size-large\"><img loading=\"lazy\" decoding=\"async\" width=\"683\" height=\"1024\" data-id=\"6336\" src=\"https:\/\/cnnbra.com.br\/al\/wp-content\/uploads\/sites\/3\/2026\/08\/1001027940-683x1024.jpg\" alt=\"\" class=\"wp-image-6336\" srcset=\"https:\/\/cnnbra.com.br\/al\/wp-content\/uploads\/sites\/3\/2026\/08\/1001027940-683x1024.jpg 683w, https:\/\/cnnbra.com.br\/al\/wp-content\/uploads\/sites\/3\/2026\/08\/1001027940-200x300.jpg 200w, https:\/\/cnnbra.com.br\/al\/wp-content\/uploads\/sites\/3\/2026\/08\/1001027940-768x1152.jpg 768w, https:\/\/cnnbra.com.br\/al\/wp-content\/uploads\/sites\/3\/2026\/08\/1001027940-1024x1536.jpg 1024w, https:\/\/cnnbra.com.br\/al\/wp-content\/uploads\/sites\/3\/2026\/08\/1001027940-1365x2048.jpg 1365w, https:\/\/cnnbra.com.br\/al\/wp-content\/uploads\/sites\/3\/2026\/08\/1001027940-scaled.jpg 1706w\" sizes=\"(max-width: 683px) 100vw, 683px\" \/><\/figure>\n\n\n\n<figure class=\"wp-block-image size-large\"><img loading=\"lazy\" decoding=\"async\" width=\"1024\" height=\"683\" data-id=\"6337\" src=\"https:\/\/cnnbra.com.br\/al\/wp-content\/uploads\/sites\/3\/2026\/08\/1001027944-1024x683.jpg\" alt=\"\" class=\"wp-image-6337\" srcset=\"https:\/\/cnnbra.com.br\/al\/wp-content\/uploads\/sites\/3\/2026\/08\/1001027944-1024x683.jpg 1024w, https:\/\/cnnbra.com.br\/al\/wp-content\/uploads\/sites\/3\/2026\/08\/1001027944-300x200.jpg 300w, https:\/\/cnnbra.com.br\/al\/wp-content\/uploads\/sites\/3\/2026\/08\/1001027944-768x512.jpg 768w, https:\/\/cnnbra.com.br\/al\/wp-content\/uploads\/sites\/3\/2026\/08\/1001027944-1536x1024.jpg 1536w, https:\/\/cnnbra.com.br\/al\/wp-content\/uploads\/sites\/3\/2026\/08\/1001027944-2048x1365.jpg 2048w\" sizes=\"(max-width: 1024px) 100vw, 1024px\" \/><\/figure>\n\n\n\n<figure class=\"wp-block-image size-large\"><img loading=\"lazy\" decoding=\"async\" width=\"912\" height=\"571\" data-id=\"6333\" src=\"https:\/\/cnnbra.com.br\/al\/wp-content\/uploads\/sites\/3\/2026\/08\/1001027922.jpg\" alt=\"\" class=\"wp-image-6333\" srcset=\"https:\/\/cnnbra.com.br\/al\/wp-content\/uploads\/sites\/3\/2026\/08\/1001027922.jpg 912w, https:\/\/cnnbra.com.br\/al\/wp-content\/uploads\/sites\/3\/2026\/08\/1001027922-300x188.jpg 300w, https:\/\/cnnbra.com.br\/al\/wp-content\/uploads\/sites\/3\/2026\/08\/1001027922-768x481.jpg 768w\" sizes=\"(max-width: 912px) 100vw, 912px\" \/><\/figure>\n\n\n\n<figure class=\"wp-block-image size-large\"><img loading=\"lazy\" decoding=\"async\" width=\"933\" height=\"674\" data-id=\"6334\" src=\"https:\/\/cnnbra.com.br\/al\/wp-content\/uploads\/sites\/3\/2026\/08\/1001027924.jpg\" alt=\"\" class=\"wp-image-6334\" srcset=\"https:\/\/cnnbra.com.br\/al\/wp-content\/uploads\/sites\/3\/2026\/08\/1001027924.jpg 933w, https:\/\/cnnbra.com.br\/al\/wp-content\/uploads\/sites\/3\/2026\/08\/1001027924-300x217.jpg 300w, https:\/\/cnnbra.com.br\/al\/wp-content\/uploads\/sites\/3\/2026\/08\/1001027924-768x555.jpg 768w\" sizes=\"(max-width: 933px) 100vw, 933px\" \/><\/figure>\n\n\n\n<figure class=\"wp-block-image size-large\"><img loading=\"lazy\" decoding=\"async\" width=\"902\" height=\"1024\" data-id=\"6335\" src=\"https:\/\/cnnbra.com.br\/al\/wp-content\/uploads\/sites\/3\/2026\/08\/1001027928-902x1024.jpg\" alt=\"\" class=\"wp-image-6335\" srcset=\"https:\/\/cnnbra.com.br\/al\/wp-content\/uploads\/sites\/3\/2026\/08\/1001027928-902x1024.jpg 902w, https:\/\/cnnbra.com.br\/al\/wp-content\/uploads\/sites\/3\/2026\/08\/1001027928-264x300.jpg 264w, https:\/\/cnnbra.com.br\/al\/wp-content\/uploads\/sites\/3\/2026\/08\/1001027928-768x872.jpg 768w, https:\/\/cnnbra.com.br\/al\/wp-content\/uploads\/sites\/3\/2026\/08\/1001027928.jpg 938w\" sizes=\"(max-width: 902px) 100vw, 902px\" \/><\/figure>\n<\/figure>\n\n\n\n<p>O candidato tamb\u00e9m defendeu a uni\u00e3o pol\u00edtica com JHC e Marina como estrat\u00e9gia para ampliar a capacidade de articula\u00e7\u00e3o de Alagoas em Bras\u00edlia. Segundo ele, a parceria pretende inaugurar um novo ciclo de investimentos e desenvolvimento no estado.<\/p>\n\n\n\n<p>\u201cCom JHC no Governo e Marina e eu no Senado, Alagoas ter\u00e1 for\u00e7a pol\u00edtica para buscar mais recursos, realizar obras, gerar oportunidades e melhorar os servi\u00e7os p\u00fablicos. Vamos trabalhar juntos para fazer os investimentos chegarem a quem mais precisa\u201d, refor\u00e7ou.<\/p>\n\n\n\n<p>JHC, por sua vez, destacou a participa\u00e7\u00e3o popular nas mobiliza\u00e7\u00f5es e afirmou que a presen\u00e7a dos apoiadores demonstra, na avalia\u00e7\u00e3o dele, o desejo por uma gest\u00e3o mais pr\u00f3xima dos munic\u00edpios. O prefeito tamb\u00e9m ressaltou a experi\u00eancia de Arthur Lira na articula\u00e7\u00e3o pol\u00edtica em Bras\u00edlia.<\/p>\n\n\n\n<p>\u201cArthur j\u00e1 mostrou que sabe buscar recursos e transformar projetos em resultados. Essa uni\u00e3o representa capacidade de trabalho e compromisso com as pessoas\u201d, declarou JHC.<\/p>\n\n\n\n<p>Marina agradeceu a recep\u00e7\u00e3o dos moradores e refor\u00e7ou a inten\u00e7\u00e3o de atuar ao lado de Arthur Lira no Senado em defesa dos interesses de Alagoas. \u201cVamos defender as fam\u00edlias, as mulheres e os munic\u00edpios, sempre atentos \u00e0s necessidades dos alagoanos\u201d, afirmou.<\/p>\n\n\n\n<p>Ao longo de sua atua\u00e7\u00e3o parlamentar, Arthur Lira destinou recursos para \u00e1reas como sa\u00fade, habita\u00e7\u00e3o popular, pavimenta\u00e7\u00e3o, abastecimento de \u00e1gua, educa\u00e7\u00e3o, agricultura e assist\u00eancia social. A atua\u00e7\u00e3o, segundo sua campanha, contribuiu para a execu\u00e7\u00e3o de obras e amplia\u00e7\u00e3o de servi\u00e7os em diferentes regi\u00f5es do estado.<\/p>\n\n\n\n<p>Al\u00e9m de Ch\u00e3 Preta e Vi\u00e7osa, a agenda pol\u00edtica deste domingo tamb\u00e9m passou por Capela e Cajueiro. As quatro cidades receberam caminhadas e carreatas da comitiva, que apresentou aos eleitores uma mensagem de renova\u00e7\u00e3o, mudan\u00e7a e desenvolvimento para Alagoas.<\/p>\n","protected":false},"excerpt":{"rendered":"<p>Mobiliza\u00e7\u00f5es em Ch\u00e3 Preta e Vi\u00e7osa reuniram milhares de apoiadores neste domingo (30), em atos que tamb\u00e9m passaram por Capela e Cajueiro Na dianteira das pesquisas para o Senado Federal, Arthur Lira participou, neste domingo (30), de uma s\u00e9rie de caminhadas e carreatas ao lado de JHC e Marina nos munic\u00edpios de Ch\u00e3 Preta e [&hellip;]<\/p>\n","protected":false},"author":6,"featured_media":6338,"comment_status":"open","ping_status":"open","sticky":false,"template":"","format":"standard","meta":{"fifu_image_url":"","fifu_image_alt":"","footnotes":""},"categories":[1,11,12,6],"tags":[],"class_list":["post-6329","post","type-post","status-publish","format-standard","has-post-thumbnail","hentry","category-news","category-alagoas","category-maceio","category-politica"],"_links":{"self":[{"href":"https:\/\/cnnbra.com.br\/al\/wp-json\/wp\/v2\/posts\/6329","targetHints":{"allow":["GET"]}}],"collection":[{"href":"https:\/\/cnnbra.com.br\/al\/wp-json\/wp\/v2\/posts"}],"about":[{"href":"https:\/\/cnnbra.com.br\/al\/wp-json\/wp\/v2\/types\/post"}],"author":[{"embeddable":true,"href":"https:\/\/cnnbra.com.br\/al\/wp-json\/wp\/v2\/users\/6"}],"replies":[{"embeddable":true,"href":"https:\/\/cnnbra.com.br\/al\/wp-json\/wp\/v2\/comments?post=6329"}],"version-history":[{"count":1,"href":"https:\/\/cnnbra.com.br\/al\/wp-json\/wp\/v2\/posts\/6329\/revisions"}],"predecessor-version":[{"id":6339,"href":"https:\/\/cnnbra.com.br\/al\/wp-json\/wp\/v2\/posts\/6329\/revisions\/6339"}],"wp:featuredmedia":[{"embeddable":true,"href":"https:\/\/cnnbra.com.br\/al\/wp-json\/wp\/v2\/media\/6338"}],"wp:attachment":[{"href":"https:\/\/cnnbra.com.br\/al\/wp-json\/wp\/v2\/media?parent=6329"}],"wp:term":[{"taxonomy":"category","embeddable":true,"href":"https:\/\/cnnbra.com.br\/al\/wp-json\/wp\/v2\/categories?post=6329"},{"taxonomy":"post_tag","embeddable":true,"href":"https:\/\/cnnbra.com.br\/al\/wp-json\/wp\/v2\/tags?post=6329"}],"curies":[{"name":"wp","href":"https:\/\/api.w.org\/{rel}","templated":true}]}}