{"id":5161,"date":"2026-08-09T22:11:14","date_gmt":"2026-08-09T22:11:14","guid":{"rendered":"https:\/\/cnnbra.com.br\/al\/blog\/2026\/08\/09\/flavio-bolsonaro-critica-proibicao-de-visita-em-carta-ao-pai\/"},"modified":"2026-08-09T22:11:14","modified_gmt":"2026-08-09T22:11:14","slug":"flavio-bolsonaro-critica-proibicao-de-visita-em-carta-ao-pai","status":"publish","type":"post","link":"https:\/\/cnnbra.com.br\/al\/blog\/2026\/08\/09\/flavio-bolsonaro-critica-proibicao-de-visita-em-carta-ao-pai\/","title":{"rendered":"Fl\u00e1vio Bolsonaro critica proibi\u00e7\u00e3o de visita em carta ao pai"},"content":{"rendered":"<p>O senador Fl\u00e1vio Bolsonaro enviou uma carta ao pai, Jair Bolsonaro, expressando sua indigna\u00e7\u00e3o pela proibi\u00e7\u00e3o de visitas no Dia dos Pais, determinada pelo ministro Alexandre de Moraes, do Supremo Tribunal Federal. Ele considerou a medida desumana e desrespeitosa, refletindo sua emo\u00e7\u00e3o em um momento que poderia ser de celebra\u00e7\u00e3o familiar.<\/p>\n<p>\\n<\/p>\n<p>A situa\u00e7\u00e3o exp\u00f5e n\u00e3o apenas as tens\u00f5es pol\u00edticas em n\u00edvel nacional, mas tamb\u00e9m a rela\u00e7\u00e3o familiar dos envolvidos, que \u00e9 um tema sens\u00edvel para muitos brasileiros. Entre os alagoanos, esse tipo de situa\u00e7\u00e3o ressoa com pais e filhos que valorizam momentos juntos e podem sentir empatia por Fl\u00e1vio.<\/p>\n<p>\\n<\/p>\n<p>O impacto de decis\u00f5es judiciais como essa \u00e9 amplo e pode gerar repercuss\u00f5es no relacionamento de figuras p\u00fablicas com o eleitorado, especialmente em um estado como Alagoas, onde a pol\u00edtica \u00e9 acompanhada de perto pela popula\u00e7\u00e3o.<\/p>\n","protected":false},"excerpt":{"rendered":"<p>O senador Fl\u00e1vio Bolsonaro enviou uma carta ao pai, Jair Bolsonaro, expressando sua indigna\u00e7\u00e3o pela proibi\u00e7\u00e3o de visitas no Dia dos Pais, determinada pelo ministro Alexandre de Moraes, do Supremo Tribunal Federal. Ele considerou a medida desumana e desrespeitosa, refletindo sua emo\u00e7\u00e3o em um momento que poderia ser de celebra\u00e7\u00e3o familiar. \\n A situa\u00e7\u00e3o exp\u00f5e [&hellip;]<\/p>\n","protected":false},"author":1,"featured_media":5160,"comment_status":"open","ping_status":"open","sticky":false,"template":"","format":"standard","meta":{"fifu_image_url":"","fifu_image_alt":"","footnotes":""},"categories":[11],"tags":[],"class_list":["post-5161","post","type-post","status-publish","format-standard","has-post-thumbnail","hentry","category-alagoas"],"_links":{"self":[{"href":"https:\/\/cnnbra.com.br\/al\/wp-json\/wp\/v2\/posts\/5161","targetHints":{"allow":["GET"]}}],"collection":[{"href":"https:\/\/cnnbra.com.br\/al\/wp-json\/wp\/v2\/posts"}],"about":[{"href":"https:\/\/cnnbra.com.br\/al\/wp-json\/wp\/v2\/types\/post"}],"author":[{"embeddable":true,"href":"https:\/\/cnnbra.com.br\/al\/wp-json\/wp\/v2\/users\/1"}],"replies":[{"embeddable":true,"href":"https:\/\/cnnbra.com.br\/al\/wp-json\/wp\/v2\/comments?post=5161"}],"version-history":[{"count":0,"href":"https:\/\/cnnbra.com.br\/al\/wp-json\/wp\/v2\/posts\/5161\/revisions"}],"wp:featuredmedia":[{"embeddable":true,"href":"https:\/\/cnnbra.com.br\/al\/wp-json\/wp\/v2\/media\/5160"}],"wp:attachment":[{"href":"https:\/\/cnnbra.com.br\/al\/wp-json\/wp\/v2\/media?parent=5161"}],"wp:term":[{"taxonomy":"category","embeddable":true,"href":"https:\/\/cnnbra.com.br\/al\/wp-json\/wp\/v2\/categories?post=5161"},{"taxonomy":"post_tag","embeddable":true,"href":"https:\/\/cnnbra.com.br\/al\/wp-json\/wp\/v2\/tags?post=5161"}],"curies":[{"name":"wp","href":"https:\/\/api.w.org\/{rel}","templated":true}]}}