{"id":5113,"date":"2026-08-09T13:10:06","date_gmt":"2026-08-09T13:10:06","guid":{"rendered":"https:\/\/cnnbra.com.br\/al\/blog\/2026\/08\/09\/carrick-tranquiliza-sobre-lesao-de-mount-no-manchester-united\/"},"modified":"2026-08-09T13:10:06","modified_gmt":"2026-08-09T13:10:06","slug":"carrick-tranquiliza-sobre-lesao-de-mount-no-manchester-united","status":"publish","type":"post","link":"https:\/\/cnnbra.com.br\/al\/blog\/2026\/08\/09\/carrick-tranquiliza-sobre-lesao-de-mount-no-manchester-united\/","title":{"rendered":"Carrick tranquiliza sobre les\u00e3o de Mount no Manchester United"},"content":{"rendered":"<p>O t\u00e9cnico do Manchester United, Michael Carrick, minimizou a preocupa\u00e7\u00e3o em rela\u00e7\u00e3o \u00e0 les\u00e3o de Mason Mount ap\u00f3s o jogador deixar o empate contra o Paris Saint-Germain. Mount, que foi substitu\u00eddo devido a uma les\u00e3o no p\u00e9, teve sua sa\u00edda considerada preventiva pelo treinador.<\/p>\n<p>\\n<\/p>\n<p>Na partida realizada em Gotemburgo, na Su\u00e9cia, Mount saiu de campo com menos de 20 minutos de jogo, mas Carrick destacou que essa cautela \u00e9 fundamental, especialmente por conta dos problemas f\u00edsicos que o meia tem enfrentado desde sua chegada ao clube.<\/p>\n<p>\\n<\/p>\n<p>Apesar do empate em 1 a 1, Carrick avaliou positivamente o desempenho da equipe, enfatizando a import\u00e2ncia desse tipo de situa\u00e7\u00e3o para preparar o time para a temporada que se aproxima, onde o Manchester United far\u00e1 sua estreia na Premier League em 22 de agosto.<\/p>\n","protected":false},"excerpt":{"rendered":"<p>O t\u00e9cnico do Manchester United, Michael Carrick, minimizou a preocupa\u00e7\u00e3o em rela\u00e7\u00e3o \u00e0 les\u00e3o de Mason Mount ap\u00f3s o jogador deixar o empate contra o Paris Saint-Germain. Mount, que foi substitu\u00eddo devido a uma les\u00e3o no p\u00e9, teve sua sa\u00edda considerada preventiva pelo treinador. \\n Na partida realizada em Gotemburgo, na Su\u00e9cia, Mount saiu de [&hellip;]<\/p>\n","protected":false},"author":1,"featured_media":5112,"comment_status":"open","ping_status":"open","sticky":false,"template":"","format":"standard","meta":{"fifu_image_url":"","fifu_image_alt":"","footnotes":""},"categories":[11],"tags":[],"class_list":["post-5113","post","type-post","status-publish","format-standard","has-post-thumbnail","hentry","category-alagoas"],"_links":{"self":[{"href":"https:\/\/cnnbra.com.br\/al\/wp-json\/wp\/v2\/posts\/5113","targetHints":{"allow":["GET"]}}],"collection":[{"href":"https:\/\/cnnbra.com.br\/al\/wp-json\/wp\/v2\/posts"}],"about":[{"href":"https:\/\/cnnbra.com.br\/al\/wp-json\/wp\/v2\/types\/post"}],"author":[{"embeddable":true,"href":"https:\/\/cnnbra.com.br\/al\/wp-json\/wp\/v2\/users\/1"}],"replies":[{"embeddable":true,"href":"https:\/\/cnnbra.com.br\/al\/wp-json\/wp\/v2\/comments?post=5113"}],"version-history":[{"count":0,"href":"https:\/\/cnnbra.com.br\/al\/wp-json\/wp\/v2\/posts\/5113\/revisions"}],"wp:featuredmedia":[{"embeddable":true,"href":"https:\/\/cnnbra.com.br\/al\/wp-json\/wp\/v2\/media\/5112"}],"wp:attachment":[{"href":"https:\/\/cnnbra.com.br\/al\/wp-json\/wp\/v2\/media?parent=5113"}],"wp:term":[{"taxonomy":"category","embeddable":true,"href":"https:\/\/cnnbra.com.br\/al\/wp-json\/wp\/v2\/categories?post=5113"},{"taxonomy":"post_tag","embeddable":true,"href":"https:\/\/cnnbra.com.br\/al\/wp-json\/wp\/v2\/tags?post=5113"}],"curies":[{"name":"wp","href":"https:\/\/api.w.org\/{rel}","templated":true}]}}