{"id":5095,"date":"2026-08-09T05:29:49","date_gmt":"2026-08-09T05:29:49","guid":{"rendered":"https:\/\/cnnbra.com.br\/al\/blog\/2026\/08\/09\/ice-acelera-instalacao-de-cameras-corporais-apos-mortes\/"},"modified":"2026-08-09T05:29:49","modified_gmt":"2026-08-09T05:29:49","slug":"ice-acelera-instalacao-de-cameras-corporais-apos-mortes","status":"publish","type":"post","link":"https:\/\/cnnbra.com.br\/al\/blog\/2026\/08\/09\/ice-acelera-instalacao-de-cameras-corporais-apos-mortes\/","title":{"rendered":"ICE acelera instala\u00e7\u00e3o de c\u00e2meras corporais ap\u00f3s mortes"},"content":{"rendered":"<p>O Servi\u00e7o de Imigra\u00e7\u00e3o e Controle de Alf\u00e2ndegas dos EUA (ICE) vai concluir at\u00e9 o fim deste m\u00eas a instala\u00e7\u00e3o de c\u00e2meras corporais em seus agentes. A medida, anunciada pelo diretor interino da ag\u00eancia, David Venturella, visa aumentar a transpar\u00eancia e prevenir abusos em opera\u00e7\u00f5es de imigra\u00e7\u00e3o.<\/p>\n<p>\\n<\/p>\n<p>A implanta\u00e7\u00e3o, que estava prevista para um cronograma mais prolongado, foi antecipada como resposta a recentes incidentes que resultaram na morte de cidad\u00e3os americanos durante a\u00e7\u00f5es do ICE. A nova pol\u00edtica tamb\u00e9m permite a divulga\u00e7\u00e3o r\u00e1pida das imagens quando necess\u00e1rio, especialmente ap\u00f3s casos de ferimentos ou mortes sob cust\u00f3dia.<\/p>\n<p>\\n<\/p>\n<p>No entanto, o ICE se reservou o direito de manter grava\u00e7\u00f5es em sigilo se sua divulga\u00e7\u00e3o comprometer investiga\u00e7\u00f5es ou violar a privacidade dos envolvidos. Constantes questionamentos sobre a falta de c\u00e2meras em abordagens de campo t\u00eam gerado protestos em v\u00e1rias partes dos EUA, indicando um crescente chamado por mais responsabilidade nas a\u00e7\u00f5es dos agentes de imigra\u00e7\u00e3o.<\/p>\n","protected":false},"excerpt":{"rendered":"<p>O Servi\u00e7o de Imigra\u00e7\u00e3o e Controle de Alf\u00e2ndegas dos EUA (ICE) vai concluir at\u00e9 o fim deste m\u00eas a instala\u00e7\u00e3o de c\u00e2meras corporais em seus agentes. A medida, anunciada pelo diretor interino da ag\u00eancia, David Venturella, visa aumentar a transpar\u00eancia e prevenir abusos em opera\u00e7\u00f5es de imigra\u00e7\u00e3o. \\n A implanta\u00e7\u00e3o, que estava prevista para um [&hellip;]<\/p>\n","protected":false},"author":1,"featured_media":5094,"comment_status":"open","ping_status":"open","sticky":false,"template":"","format":"standard","meta":{"fifu_image_url":"","fifu_image_alt":"","footnotes":""},"categories":[11],"tags":[],"class_list":["post-5095","post","type-post","status-publish","format-standard","has-post-thumbnail","hentry","category-alagoas"],"_links":{"self":[{"href":"https:\/\/cnnbra.com.br\/al\/wp-json\/wp\/v2\/posts\/5095","targetHints":{"allow":["GET"]}}],"collection":[{"href":"https:\/\/cnnbra.com.br\/al\/wp-json\/wp\/v2\/posts"}],"about":[{"href":"https:\/\/cnnbra.com.br\/al\/wp-json\/wp\/v2\/types\/post"}],"author":[{"embeddable":true,"href":"https:\/\/cnnbra.com.br\/al\/wp-json\/wp\/v2\/users\/1"}],"replies":[{"embeddable":true,"href":"https:\/\/cnnbra.com.br\/al\/wp-json\/wp\/v2\/comments?post=5095"}],"version-history":[{"count":0,"href":"https:\/\/cnnbra.com.br\/al\/wp-json\/wp\/v2\/posts\/5095\/revisions"}],"wp:featuredmedia":[{"embeddable":true,"href":"https:\/\/cnnbra.com.br\/al\/wp-json\/wp\/v2\/media\/5094"}],"wp:attachment":[{"href":"https:\/\/cnnbra.com.br\/al\/wp-json\/wp\/v2\/media?parent=5095"}],"wp:term":[{"taxonomy":"category","embeddable":true,"href":"https:\/\/cnnbra.com.br\/al\/wp-json\/wp\/v2\/categories?post=5095"},{"taxonomy":"post_tag","embeddable":true,"href":"https:\/\/cnnbra.com.br\/al\/wp-json\/wp\/v2\/tags?post=5095"}],"curies":[{"name":"wp","href":"https:\/\/api.w.org\/{rel}","templated":true}]}}