{"id":5083,"date":"2026-08-09T01:09:28","date_gmt":"2026-08-09T01:09:28","guid":{"rendered":"https:\/\/cnnbra.com.br\/al\/blog\/2026\/08\/09\/ex-jogador-jadson-e-preso-por-agressao-em-cambe-pr\/"},"modified":"2026-08-09T01:09:28","modified_gmt":"2026-08-09T01:09:28","slug":"ex-jogador-jadson-e-preso-por-agressao-em-cambe-pr","status":"publish","type":"post","link":"https:\/\/cnnbra.com.br\/al\/blog\/2026\/08\/09\/ex-jogador-jadson-e-preso-por-agressao-em-cambe-pr\/","title":{"rendered":"Ex-jogador Jadson \u00e9 preso por agress\u00e3o em Camb\u00e9, PR"},"content":{"rendered":"<p>O ex-jogador Jadson, de 42 anos, teve uma pris\u00e3o em flagrante registrada no \u00faltimo s\u00e1bado (8), em Camb\u00e9, no Paran\u00e1, acusado de agredir sua companheira. A a\u00e7\u00e3o foi realizada pela Pol\u00edcia Militar em uma resid\u00eancia, localizada no bairro Jardim Tarob\u00e1.<\/p>\n<p>\\n<\/p>\n<p>Segundo informa\u00e7\u00f5es da Pol\u00edcia Civil, a agress\u00e3o ocorreu durante uma discuss\u00e3o entre o casal. Jadson foi levado \u00e0 Central de Flagrantes, onde ficou detido sob a acusa\u00e7\u00e3o de les\u00e3o corporal no contexto de viol\u00eancia dom\u00e9stica e familiar.<\/p>\n<p>\\n<\/p>\n<p>Reconhecido como um dos maiores \u00eddolos do Corinthians, o ex-meia j\u00e1 teve uma trajet\u00f3ria de sucesso no futebol, mas sua vida pessoal agora levanta preocupa\u00e7\u00f5es. O espa\u00e7o est\u00e1 aberto para que sua defesa se pronuncie sobre os fatos.<\/p>\n","protected":false},"excerpt":{"rendered":"<p>O ex-jogador Jadson, de 42 anos, teve uma pris\u00e3o em flagrante registrada no \u00faltimo s\u00e1bado (8), em Camb\u00e9, no Paran\u00e1, acusado de agredir sua companheira. A a\u00e7\u00e3o foi realizada pela Pol\u00edcia Militar em uma resid\u00eancia, localizada no bairro Jardim Tarob\u00e1. \\n Segundo informa\u00e7\u00f5es da Pol\u00edcia Civil, a agress\u00e3o ocorreu durante uma discuss\u00e3o entre o casal. [&hellip;]<\/p>\n","protected":false},"author":1,"featured_media":5082,"comment_status":"open","ping_status":"open","sticky":false,"template":"","format":"standard","meta":{"fifu_image_url":"","fifu_image_alt":"","footnotes":""},"categories":[11],"tags":[],"class_list":["post-5083","post","type-post","status-publish","format-standard","has-post-thumbnail","hentry","category-alagoas"],"_links":{"self":[{"href":"https:\/\/cnnbra.com.br\/al\/wp-json\/wp\/v2\/posts\/5083","targetHints":{"allow":["GET"]}}],"collection":[{"href":"https:\/\/cnnbra.com.br\/al\/wp-json\/wp\/v2\/posts"}],"about":[{"href":"https:\/\/cnnbra.com.br\/al\/wp-json\/wp\/v2\/types\/post"}],"author":[{"embeddable":true,"href":"https:\/\/cnnbra.com.br\/al\/wp-json\/wp\/v2\/users\/1"}],"replies":[{"embeddable":true,"href":"https:\/\/cnnbra.com.br\/al\/wp-json\/wp\/v2\/comments?post=5083"}],"version-history":[{"count":0,"href":"https:\/\/cnnbra.com.br\/al\/wp-json\/wp\/v2\/posts\/5083\/revisions"}],"wp:featuredmedia":[{"embeddable":true,"href":"https:\/\/cnnbra.com.br\/al\/wp-json\/wp\/v2\/media\/5082"}],"wp:attachment":[{"href":"https:\/\/cnnbra.com.br\/al\/wp-json\/wp\/v2\/media?parent=5083"}],"wp:term":[{"taxonomy":"category","embeddable":true,"href":"https:\/\/cnnbra.com.br\/al\/wp-json\/wp\/v2\/categories?post=5083"},{"taxonomy":"post_tag","embeddable":true,"href":"https:\/\/cnnbra.com.br\/al\/wp-json\/wp\/v2\/tags?post=5083"}],"curies":[{"name":"wp","href":"https:\/\/api.w.org\/{rel}","templated":true}]}}