{"id":5077,"date":"2026-08-08T23:30:25","date_gmt":"2026-08-08T23:30:25","guid":{"rendered":"https:\/\/cnnbra.com.br\/al\/blog\/2026\/08\/08\/filipe-braganca-se-inspira-em-amyr-klink-em-novo-filme\/"},"modified":"2026-08-08T23:30:25","modified_gmt":"2026-08-08T23:30:25","slug":"filipe-braganca-se-inspira-em-amyr-klink-em-novo-filme","status":"publish","type":"post","link":"https:\/\/cnnbra.com.br\/al\/blog\/2026\/08\/08\/filipe-braganca-se-inspira-em-amyr-klink-em-novo-filme\/","title":{"rendered":"Filipe Bragan\u00e7a se inspira em Amyr Klink em novo filme"},"content":{"rendered":"<p>A trajet\u00f3ria do navegador e escritor Amyr Klink, que remou da Nam\u00edbia ao Brasil em 1984, vai ganhar as telonas no filme &#8220;100 Dias&#8221;, sob a dire\u00e7\u00e3o de Carlos Saldanha, com estreia marcada para outubro. O ator Filipe Bragan\u00e7a, que interpreta Klink, afirma que esse papel trouxe um novo h\u00e1bito: a escrita em di\u00e1rio.<\/p>\n<p>\\n<\/p>\n<p>Durante as filmagens, Filipe come\u00e7ou a registrar seus pensamentos, inspirado pela forma como o pr\u00f3prio Klink escrevia. &#8220;Esse h\u00e1bito \u00e9 um terapeuta de papel&#8221;, comenta o ator. A profundidade e os sil\u00eancios revelados nas p\u00e1ginas do di\u00e1rio ajudaram a equipe a entender o que Klink enfrentava em sua travessia solit\u00e1ria no mar.<\/p>\n<p>\\n<\/p>\n<p>Enquanto isso, a novela &#8220;Cora\u00e7\u00e3o Acelerado&#8221;, em que Filipe tamb\u00e9m atuou, est\u00e1 prestes a terminar com resultados de audi\u00eancia abaixo do esperado. Essa experi\u00eancia, no entanto, n\u00e3o tirou o brilho do novo desafio do ator, que agora mergulha em uma hist\u00f3ria rica e cheia de emo\u00e7\u00f5es.<\/p>\n","protected":false},"excerpt":{"rendered":"<p>A trajet\u00f3ria do navegador e escritor Amyr Klink, que remou da Nam\u00edbia ao Brasil em 1984, vai ganhar as telonas no filme &#8220;100 Dias&#8221;, sob a dire\u00e7\u00e3o de Carlos Saldanha, com estreia marcada para outubro. O ator Filipe Bragan\u00e7a, que interpreta Klink, afirma que esse papel trouxe um novo h\u00e1bito: a escrita em di\u00e1rio. \\n [&hellip;]<\/p>\n","protected":false},"author":1,"featured_media":5076,"comment_status":"open","ping_status":"open","sticky":false,"template":"","format":"standard","meta":{"fifu_image_url":"","fifu_image_alt":"","footnotes":""},"categories":[11],"tags":[],"class_list":["post-5077","post","type-post","status-publish","format-standard","has-post-thumbnail","hentry","category-alagoas"],"_links":{"self":[{"href":"https:\/\/cnnbra.com.br\/al\/wp-json\/wp\/v2\/posts\/5077","targetHints":{"allow":["GET"]}}],"collection":[{"href":"https:\/\/cnnbra.com.br\/al\/wp-json\/wp\/v2\/posts"}],"about":[{"href":"https:\/\/cnnbra.com.br\/al\/wp-json\/wp\/v2\/types\/post"}],"author":[{"embeddable":true,"href":"https:\/\/cnnbra.com.br\/al\/wp-json\/wp\/v2\/users\/1"}],"replies":[{"embeddable":true,"href":"https:\/\/cnnbra.com.br\/al\/wp-json\/wp\/v2\/comments?post=5077"}],"version-history":[{"count":0,"href":"https:\/\/cnnbra.com.br\/al\/wp-json\/wp\/v2\/posts\/5077\/revisions"}],"wp:featuredmedia":[{"embeddable":true,"href":"https:\/\/cnnbra.com.br\/al\/wp-json\/wp\/v2\/media\/5076"}],"wp:attachment":[{"href":"https:\/\/cnnbra.com.br\/al\/wp-json\/wp\/v2\/media?parent=5077"}],"wp:term":[{"taxonomy":"category","embeddable":true,"href":"https:\/\/cnnbra.com.br\/al\/wp-json\/wp\/v2\/categories?post=5077"},{"taxonomy":"post_tag","embeddable":true,"href":"https:\/\/cnnbra.com.br\/al\/wp-json\/wp\/v2\/tags?post=5077"}],"curies":[{"name":"wp","href":"https:\/\/api.w.org\/{rel}","templated":true}]}}