{"id":5053,"date":"2026-08-08T19:09:44","date_gmt":"2026-08-08T19:09:44","guid":{"rendered":"https:\/\/cnnbra.com.br\/al\/blog\/2026\/08\/08\/alagoanos-devem-se-vacinar-contra-sarampo-apos-surto-em-sp\/"},"modified":"2026-08-08T19:09:44","modified_gmt":"2026-08-08T19:09:44","slug":"alagoanos-devem-se-vacinar-contra-sarampo-apos-surto-em-sp","status":"publish","type":"post","link":"https:\/\/cnnbra.com.br\/al\/blog\/2026\/08\/08\/alagoanos-devem-se-vacinar-contra-sarampo-apos-surto-em-sp\/","title":{"rendered":"Alagoanos devem se vacinar contra sarampo ap\u00f3s surto em SP"},"content":{"rendered":"<p>A epidemia de sarampo que atinge S\u00e3o Paulo gera preocupa\u00e7\u00f5es e recomenda\u00e7\u00f5es para Alagoas. Autoridades de sa\u00fade alagoanas alertam a popula\u00e7\u00e3o sobre a import\u00e2ncia da vacina\u00e7\u00e3o, especialmente em tempos de surto.<\/p>\n<p>\\n<\/p>\n<p>No \u00faltimo fim de semana, a capital paulista vivenciou grandes filas nos postos de vacina\u00e7\u00e3o, com mais de 84 mil doses aplicadas em um \u00fanico dia. Os relatos de pessoas que buscaram a imuniza\u00e7\u00e3o revelam uma mobiliza\u00e7\u00e3o crescente em resposta ao surto.<\/p>\n<p>\\n<\/p>\n<p>A Secretaria de Sa\u00fade de Alagoas, embora n\u00e3o registre casos, refor\u00e7a que todos os alagoanos, especialmente aqueles entre 6 meses e 59 anos, devem verificar a situa\u00e7\u00e3o vacinal e se imunizar conforme hist\u00f3rico e calend\u00e1rio de vacina\u00e7\u00e3o nacional. O cuidado \u00e9 essencial para evitar a propaga\u00e7\u00e3o da doen\u00e7a.<\/p>\n<p>\\n<\/p>\n<h2>O que fazer em Alagoas?<\/h2>\n<p>\\n<\/p>\n<p>Os moradores de Macei\u00f3 e do interior devem se dirigir a qualquer Unidade B\u00e1sica de Sa\u00fade (UBS) para garantir a vacina. A orienta\u00e7\u00e3o \u00e9 que a vacina\u00e7\u00e3o continue, evitando qualquer possibilidade de surto em nosso estado. <strong>Fique atento \u00e0s campanhas de vacina\u00e7\u00e3o<\/strong> e mantenha a carteira de vacina\u00e7\u00e3o em dia.<\/p>\n","protected":false},"excerpt":{"rendered":"<p>A epidemia de sarampo que atinge S\u00e3o Paulo gera preocupa\u00e7\u00f5es e recomenda\u00e7\u00f5es para Alagoas. Autoridades de sa\u00fade alagoanas alertam a popula\u00e7\u00e3o sobre a import\u00e2ncia da vacina\u00e7\u00e3o, especialmente em tempos de surto. \\n No \u00faltimo fim de semana, a capital paulista vivenciou grandes filas nos postos de vacina\u00e7\u00e3o, com mais de 84 mil doses aplicadas em [&hellip;]<\/p>\n","protected":false},"author":1,"featured_media":5052,"comment_status":"open","ping_status":"open","sticky":false,"template":"","format":"standard","meta":{"fifu_image_url":"","fifu_image_alt":"","footnotes":""},"categories":[11],"tags":[],"class_list":["post-5053","post","type-post","status-publish","format-standard","has-post-thumbnail","hentry","category-alagoas"],"_links":{"self":[{"href":"https:\/\/cnnbra.com.br\/al\/wp-json\/wp\/v2\/posts\/5053","targetHints":{"allow":["GET"]}}],"collection":[{"href":"https:\/\/cnnbra.com.br\/al\/wp-json\/wp\/v2\/posts"}],"about":[{"href":"https:\/\/cnnbra.com.br\/al\/wp-json\/wp\/v2\/types\/post"}],"author":[{"embeddable":true,"href":"https:\/\/cnnbra.com.br\/al\/wp-json\/wp\/v2\/users\/1"}],"replies":[{"embeddable":true,"href":"https:\/\/cnnbra.com.br\/al\/wp-json\/wp\/v2\/comments?post=5053"}],"version-history":[{"count":0,"href":"https:\/\/cnnbra.com.br\/al\/wp-json\/wp\/v2\/posts\/5053\/revisions"}],"wp:featuredmedia":[{"embeddable":true,"href":"https:\/\/cnnbra.com.br\/al\/wp-json\/wp\/v2\/media\/5052"}],"wp:attachment":[{"href":"https:\/\/cnnbra.com.br\/al\/wp-json\/wp\/v2\/media?parent=5053"}],"wp:term":[{"taxonomy":"category","embeddable":true,"href":"https:\/\/cnnbra.com.br\/al\/wp-json\/wp\/v2\/categories?post=5053"},{"taxonomy":"post_tag","embeddable":true,"href":"https:\/\/cnnbra.com.br\/al\/wp-json\/wp\/v2\/tags?post=5053"}],"curies":[{"name":"wp","href":"https:\/\/api.w.org\/{rel}","templated":true}]}}