{"id":5051,"date":"2026-08-08T19:09:28","date_gmt":"2026-08-08T19:09:28","guid":{"rendered":"https:\/\/cnnbra.com.br\/al\/blog\/2026\/08\/08\/lula-se-prepara-para-apresentar-queda-do-desmatamento-a-trump\/"},"modified":"2026-08-08T19:09:28","modified_gmt":"2026-08-08T19:09:28","slug":"lula-se-prepara-para-apresentar-queda-do-desmatamento-a-trump","status":"publish","type":"post","link":"https:\/\/cnnbra.com.br\/al\/blog\/2026\/08\/08\/lula-se-prepara-para-apresentar-queda-do-desmatamento-a-trump\/","title":{"rendered":"Lula se prepara para apresentar queda do desmatamento a Trump"},"content":{"rendered":"<p>O presidente Luiz In\u00e1cio Lula da Silva afirmou, neste s\u00e1bado (8), que vai enviar ao presidente dos Estados Unidos, Donald Trump, os dados mais recentes sobre a significativa queda do desmatamento na Amaz\u00f4nia.<\/p>\n<p>\\n<\/p>\n<p>Durante um encontro do Movimento dos Trabalhadores Sem Teto (MTST) em Tabo\u00e3o da Serra, Lula comentou que um dos argumentos utilizados pela administra\u00e7\u00e3o americana para justificar tarifas ao Brasil foi o desmatamento ilegal.<\/p>\n<p>\\n<\/p>\n<p>\u201cFiz quest\u00e3o de tirar fotografia dos n\u00fameros porque, para os Estados Unidos, um dos motivos para o novo tarifa\u00e7\u00e3o era que n\u00f3s n\u00e3o cuid\u00e1vamos do desmatamento\u201d, disse Lula, ressaltando a queda de 36,87% no desmatamento entre agosto de 2025 e julho de 2026, conforme dados do Inpe.<\/p>\n","protected":false},"excerpt":{"rendered":"<p>O presidente Luiz In\u00e1cio Lula da Silva afirmou, neste s\u00e1bado (8), que vai enviar ao presidente dos Estados Unidos, Donald Trump, os dados mais recentes sobre a significativa queda do desmatamento na Amaz\u00f4nia. \\n Durante um encontro do Movimento dos Trabalhadores Sem Teto (MTST) em Tabo\u00e3o da Serra, Lula comentou que um dos argumentos utilizados [&hellip;]<\/p>\n","protected":false},"author":1,"featured_media":5050,"comment_status":"open","ping_status":"open","sticky":false,"template":"","format":"standard","meta":{"fifu_image_url":"","fifu_image_alt":"","footnotes":""},"categories":[11],"tags":[],"class_list":["post-5051","post","type-post","status-publish","format-standard","has-post-thumbnail","hentry","category-alagoas"],"_links":{"self":[{"href":"https:\/\/cnnbra.com.br\/al\/wp-json\/wp\/v2\/posts\/5051","targetHints":{"allow":["GET"]}}],"collection":[{"href":"https:\/\/cnnbra.com.br\/al\/wp-json\/wp\/v2\/posts"}],"about":[{"href":"https:\/\/cnnbra.com.br\/al\/wp-json\/wp\/v2\/types\/post"}],"author":[{"embeddable":true,"href":"https:\/\/cnnbra.com.br\/al\/wp-json\/wp\/v2\/users\/1"}],"replies":[{"embeddable":true,"href":"https:\/\/cnnbra.com.br\/al\/wp-json\/wp\/v2\/comments?post=5051"}],"version-history":[{"count":0,"href":"https:\/\/cnnbra.com.br\/al\/wp-json\/wp\/v2\/posts\/5051\/revisions"}],"wp:featuredmedia":[{"embeddable":true,"href":"https:\/\/cnnbra.com.br\/al\/wp-json\/wp\/v2\/media\/5050"}],"wp:attachment":[{"href":"https:\/\/cnnbra.com.br\/al\/wp-json\/wp\/v2\/media?parent=5051"}],"wp:term":[{"taxonomy":"category","embeddable":true,"href":"https:\/\/cnnbra.com.br\/al\/wp-json\/wp\/v2\/categories?post=5051"},{"taxonomy":"post_tag","embeddable":true,"href":"https:\/\/cnnbra.com.br\/al\/wp-json\/wp\/v2\/tags?post=5051"}],"curies":[{"name":"wp","href":"https:\/\/api.w.org\/{rel}","templated":true}]}}