{"id":5049,"date":"2026-08-08T17:31:07","date_gmt":"2026-08-08T17:31:07","guid":{"rendered":"https:\/\/cnnbra.com.br\/al\/blog\/2026\/08\/08\/flavio-bolsonaro-se-diz-pronto-para-liderar-o-brasil\/"},"modified":"2026-08-08T17:31:07","modified_gmt":"2026-08-08T17:31:07","slug":"flavio-bolsonaro-se-diz-pronto-para-liderar-o-brasil","status":"publish","type":"post","link":"https:\/\/cnnbra.com.br\/al\/blog\/2026\/08\/08\/flavio-bolsonaro-se-diz-pronto-para-liderar-o-brasil\/","title":{"rendered":"Fl\u00e1vio Bolsonaro se diz pronto para liderar o Brasil"},"content":{"rendered":"<p>O senador Fl\u00e1vio Bolsonaro declarou estar &#8220;mais do que preparado&#8221; para assumir a Presid\u00eancia da Rep\u00fablica. Durante um encontro com eleitoras em S\u00e3o Paulo, ele destacou sua experi\u00eancia como deputado e senador ao lado do ex-presidente Jair Bolsonaro.<\/p>\n<p>\\n<\/p>\n<p>Fl\u00e1vio apresentou propostas em \u00e1reas como seguran\u00e7a, economia e programas sociais. Na seguran\u00e7a p\u00fablica, afirmou que, se eleito, far\u00e1 uma &#8220;guerra ao narcotr\u00e1fico&#8221; e classificar organiza\u00e7\u00f5es criminosas como terroristas, visando recuperar \u00e1reas dominadas pelo crime organizado.<\/p>\n<p>\\n<\/p>\n<p>O senador tamb\u00e9m prometeu colocar o Brasil entre as sete maiores economias do mundo at\u00e9 o final do seu eventual mandato, al\u00e9m de aumentar o acesso ao microcr\u00e9dito para mulheres empreendedoras e criar uma &#8220;central da mulher&#8221; para atender v\u00edtimas de viol\u00eancia.<\/p>\n<p>\\n<\/p>\n<p>Em suas declara\u00e7\u00f5es, Fl\u00e1vio criticou o governo Lula, abordando o endividamento das fam\u00edlias e o alto custo de alimentos. Ele se comprometeu a &#8220;tirar o Brasil do vermelho&#8221; e a melhorar o ambiente para investimentos, com impacto direto na gera\u00e7\u00e3o de empregos.<\/p>\n","protected":false},"excerpt":{"rendered":"<p>O senador Fl\u00e1vio Bolsonaro declarou estar &#8220;mais do que preparado&#8221; para assumir a Presid\u00eancia da Rep\u00fablica. Durante um encontro com eleitoras em S\u00e3o Paulo, ele destacou sua experi\u00eancia como deputado e senador ao lado do ex-presidente Jair Bolsonaro. \\n Fl\u00e1vio apresentou propostas em \u00e1reas como seguran\u00e7a, economia e programas sociais. Na seguran\u00e7a p\u00fablica, afirmou que, [&hellip;]<\/p>\n","protected":false},"author":1,"featured_media":5048,"comment_status":"open","ping_status":"open","sticky":false,"template":"","format":"standard","meta":{"fifu_image_url":"","fifu_image_alt":"","footnotes":""},"categories":[11],"tags":[],"class_list":["post-5049","post","type-post","status-publish","format-standard","has-post-thumbnail","hentry","category-alagoas"],"_links":{"self":[{"href":"https:\/\/cnnbra.com.br\/al\/wp-json\/wp\/v2\/posts\/5049","targetHints":{"allow":["GET"]}}],"collection":[{"href":"https:\/\/cnnbra.com.br\/al\/wp-json\/wp\/v2\/posts"}],"about":[{"href":"https:\/\/cnnbra.com.br\/al\/wp-json\/wp\/v2\/types\/post"}],"author":[{"embeddable":true,"href":"https:\/\/cnnbra.com.br\/al\/wp-json\/wp\/v2\/users\/1"}],"replies":[{"embeddable":true,"href":"https:\/\/cnnbra.com.br\/al\/wp-json\/wp\/v2\/comments?post=5049"}],"version-history":[{"count":0,"href":"https:\/\/cnnbra.com.br\/al\/wp-json\/wp\/v2\/posts\/5049\/revisions"}],"wp:featuredmedia":[{"embeddable":true,"href":"https:\/\/cnnbra.com.br\/al\/wp-json\/wp\/v2\/media\/5048"}],"wp:attachment":[{"href":"https:\/\/cnnbra.com.br\/al\/wp-json\/wp\/v2\/media?parent=5049"}],"wp:term":[{"taxonomy":"category","embeddable":true,"href":"https:\/\/cnnbra.com.br\/al\/wp-json\/wp\/v2\/categories?post=5049"},{"taxonomy":"post_tag","embeddable":true,"href":"https:\/\/cnnbra.com.br\/al\/wp-json\/wp\/v2\/tags?post=5049"}],"curies":[{"name":"wp","href":"https:\/\/api.w.org\/{rel}","templated":true}]}}