{"id":5033,"date":"2026-08-08T16:09:34","date_gmt":"2026-08-08T16:09:34","guid":{"rendered":"https:\/\/cnnbra.com.br\/al\/blog\/2026\/08\/08\/voepass-proprietario-admitiu-omissao-de-falhas-em-aeronaves\/"},"modified":"2026-08-08T16:09:34","modified_gmt":"2026-08-08T16:09:34","slug":"voepass-proprietario-admitiu-omissao-de-falhas-em-aeronaves","status":"publish","type":"post","link":"https:\/\/cnnbra.com.br\/al\/blog\/2026\/08\/08\/voepass-proprietario-admitiu-omissao-de-falhas-em-aeronaves\/","title":{"rendered":"Voepass: propriet\u00e1rio admitiu omiss\u00e3o de falhas em aeronaves"},"content":{"rendered":"<p>Em depoimento \u00e0 Pol\u00edcia Federal (PF) na \u00faltima quinta-feira (6), Jos\u00e9 Luiz Fel\u00edcia Filho, presidente da Voepass, reconheceu ter conhecimento sobre a pr\u00e1tica de omiss\u00e3o de falhas t\u00e9cnicas nos registros das aeronaves da companhia. A investiga\u00e7\u00e3o da PF foi motivada pela queda de um avi\u00e3o da Voepass em 2024, que resultou na morte de 62 pessoas em Vinhedo.<\/p>\n<p>\\n<\/p>\n<p>A PF concluiu que essa cultura de omiss\u00e3o tinha como objetivo evitar a reten\u00e7\u00e3o de aeronaves para manuten\u00e7\u00e3o, priorizando a opera\u00e7\u00e3o da malha a\u00e9rea em detrimento da seguran\u00e7a. Fel\u00edcia Filho afirmou que pilotos e mec\u00e2nicos frequentemente n\u00e3o registravam problemas t\u00e9cnicos no Livro de Bordo para evitar pernoites em localidades sem suporte de manuten\u00e7\u00e3o.<\/p>\n<p>\\n<\/p>\n<p>A investiga\u00e7\u00e3o apontou que a alta gest\u00e3o da Voepass estava ciente dos riscos e havia recebido alertas de diretores da ANAC sobre essa conduta. O propriet\u00e1rio tamb\u00e9m admitiu falhas que levaram \u00e0 decolagem de uma aeronave cuja prote\u00e7\u00e3o contra gelo estava inoperante, evento que culminou na trag\u00e9dia.<\/p>\n<p>\\n<\/p>\n<h2>Indiciamentos e pr\u00f3ximos passos<\/h2>\n<p>\\n<\/p>\n<p>A Pol\u00edcia Federal indiciou 16 pessoas por atentado \u00e0 seguran\u00e7a do transporte a\u00e9reo, incluindo o presidente da Voepass, que responde por diversas acusa\u00e7\u00f5es. Em nota, a Voepass defendeu sua postura de seguran\u00e7a operacional ao longo de seus 30 anos de atua\u00e7\u00e3o.<\/p>\n","protected":false},"excerpt":{"rendered":"<p>Em depoimento \u00e0 Pol\u00edcia Federal (PF) na \u00faltima quinta-feira (6), Jos\u00e9 Luiz Fel\u00edcia Filho, presidente da Voepass, reconheceu ter conhecimento sobre a pr\u00e1tica de omiss\u00e3o de falhas t\u00e9cnicas nos registros das aeronaves da companhia. A investiga\u00e7\u00e3o da PF foi motivada pela queda de um avi\u00e3o da Voepass em 2024, que resultou na morte de 62 [&hellip;]<\/p>\n","protected":false},"author":1,"featured_media":5032,"comment_status":"open","ping_status":"open","sticky":false,"template":"","format":"standard","meta":{"fifu_image_url":"","fifu_image_alt":"","footnotes":""},"categories":[11],"tags":[],"class_list":["post-5033","post","type-post","status-publish","format-standard","has-post-thumbnail","hentry","category-alagoas"],"_links":{"self":[{"href":"https:\/\/cnnbra.com.br\/al\/wp-json\/wp\/v2\/posts\/5033","targetHints":{"allow":["GET"]}}],"collection":[{"href":"https:\/\/cnnbra.com.br\/al\/wp-json\/wp\/v2\/posts"}],"about":[{"href":"https:\/\/cnnbra.com.br\/al\/wp-json\/wp\/v2\/types\/post"}],"author":[{"embeddable":true,"href":"https:\/\/cnnbra.com.br\/al\/wp-json\/wp\/v2\/users\/1"}],"replies":[{"embeddable":true,"href":"https:\/\/cnnbra.com.br\/al\/wp-json\/wp\/v2\/comments?post=5033"}],"version-history":[{"count":0,"href":"https:\/\/cnnbra.com.br\/al\/wp-json\/wp\/v2\/posts\/5033\/revisions"}],"wp:featuredmedia":[{"embeddable":true,"href":"https:\/\/cnnbra.com.br\/al\/wp-json\/wp\/v2\/media\/5032"}],"wp:attachment":[{"href":"https:\/\/cnnbra.com.br\/al\/wp-json\/wp\/v2\/media?parent=5033"}],"wp:term":[{"taxonomy":"category","embeddable":true,"href":"https:\/\/cnnbra.com.br\/al\/wp-json\/wp\/v2\/categories?post=5033"},{"taxonomy":"post_tag","embeddable":true,"href":"https:\/\/cnnbra.com.br\/al\/wp-json\/wp\/v2\/tags?post=5033"}],"curies":[{"name":"wp","href":"https:\/\/api.w.org\/{rel}","templated":true}]}}