{"id":5023,"date":"2026-08-08T13:10:22","date_gmt":"2026-08-08T13:10:22","guid":{"rendered":"https:\/\/cnnbra.com.br\/al\/blog\/2026\/08\/08\/plano-de-governo-do-pt-propostas-para-um-novo-mandato-de-lula\/"},"modified":"2026-08-08T13:10:22","modified_gmt":"2026-08-08T13:10:22","slug":"plano-de-governo-do-pt-propostas-para-um-novo-mandato-de-lula","status":"publish","type":"post","link":"https:\/\/cnnbra.com.br\/al\/blog\/2026\/08\/08\/plano-de-governo-do-pt-propostas-para-um-novo-mandato-de-lula\/","title":{"rendered":"Plano de governo do PT: propostas para um novo mandato de Lula"},"content":{"rendered":"<p>O PT divulgou o programa de governo para a reelei\u00e7\u00e3o de Luiz In\u00e1cio Lula da Silva e Geraldo Alckmin, com \u00eanfase na defesa da soberania nacional e na democratiza\u00e7\u00e3o do or\u00e7amento p\u00fablico. O documento prop\u00f5e uma continua\u00e7\u00e3o das pol\u00edticas sociais j\u00e1 implementadas e a revis\u00e3o do sistema de emendas parlamentares, alegando que o modelo atual distorce a gest\u00e3o do or\u00e7amento federal.<\/p>\n<p>\\n<\/p>\n<p>Entre as prioridades, o PT destaca a prote\u00e7\u00e3o do territ\u00f3rio e dos recursos naturais, al\u00e9m da necessidade de regular as redes sociais para combater a desinforma\u00e7\u00e3o. A proposta inclui o fortalecimento da economia nacional e da capacidade de planejamento do Estado, colocando o desenvolvimento sustent\u00e1vel como um dos pilares de a\u00e7\u00e3o.<\/p>\n<p>\\n<\/p>\n<p>O programa tamb\u00e9m sugere \u00e1reas de aten\u00e7\u00e3o, como a amplia\u00e7\u00e3o do acesso \u00e0 sa\u00fade e educa\u00e7\u00e3o, com foco na inclus\u00e3o de grupos historicamente marginalizados. Al\u00e9m disso, aborda a seguran\u00e7a p\u00fablica, propondo maior integra\u00e7\u00e3o entre Uni\u00e3o, estados e munic\u00edpios no combate ao crime organizado, especialmente nas \u00e1reas mais vulner\u00e1veis do Brasil, incluindo Alagoas.<\/p>\n","protected":false},"excerpt":{"rendered":"<p>O PT divulgou o programa de governo para a reelei\u00e7\u00e3o de Luiz In\u00e1cio Lula da Silva e Geraldo Alckmin, com \u00eanfase na defesa da soberania nacional e na democratiza\u00e7\u00e3o do or\u00e7amento p\u00fablico. O documento prop\u00f5e uma continua\u00e7\u00e3o das pol\u00edticas sociais j\u00e1 implementadas e a revis\u00e3o do sistema de emendas parlamentares, alegando que o modelo atual [&hellip;]<\/p>\n","protected":false},"author":1,"featured_media":5022,"comment_status":"open","ping_status":"open","sticky":false,"template":"","format":"standard","meta":{"fifu_image_url":"","fifu_image_alt":"","footnotes":""},"categories":[11],"tags":[],"class_list":["post-5023","post","type-post","status-publish","format-standard","has-post-thumbnail","hentry","category-alagoas"],"_links":{"self":[{"href":"https:\/\/cnnbra.com.br\/al\/wp-json\/wp\/v2\/posts\/5023","targetHints":{"allow":["GET"]}}],"collection":[{"href":"https:\/\/cnnbra.com.br\/al\/wp-json\/wp\/v2\/posts"}],"about":[{"href":"https:\/\/cnnbra.com.br\/al\/wp-json\/wp\/v2\/types\/post"}],"author":[{"embeddable":true,"href":"https:\/\/cnnbra.com.br\/al\/wp-json\/wp\/v2\/users\/1"}],"replies":[{"embeddable":true,"href":"https:\/\/cnnbra.com.br\/al\/wp-json\/wp\/v2\/comments?post=5023"}],"version-history":[{"count":0,"href":"https:\/\/cnnbra.com.br\/al\/wp-json\/wp\/v2\/posts\/5023\/revisions"}],"wp:featuredmedia":[{"embeddable":true,"href":"https:\/\/cnnbra.com.br\/al\/wp-json\/wp\/v2\/media\/5022"}],"wp:attachment":[{"href":"https:\/\/cnnbra.com.br\/al\/wp-json\/wp\/v2\/media?parent=5023"}],"wp:term":[{"taxonomy":"category","embeddable":true,"href":"https:\/\/cnnbra.com.br\/al\/wp-json\/wp\/v2\/categories?post=5023"},{"taxonomy":"post_tag","embeddable":true,"href":"https:\/\/cnnbra.com.br\/al\/wp-json\/wp\/v2\/tags?post=5023"}],"curies":[{"name":"wp","href":"https:\/\/api.w.org\/{rel}","templated":true}]}}