{"id":4983,"date":"2026-08-08T08:30:10","date_gmt":"2026-08-08T08:30:10","guid":{"rendered":"https:\/\/cnnbra.com.br\/al\/blog\/2026\/08\/08\/legado-da-primeira-medalha-paralimpica-do-brasil-e-celebrado\/"},"modified":"2026-08-08T08:30:10","modified_gmt":"2026-08-08T08:30:10","slug":"legado-da-primeira-medalha-paralimpica-do-brasil-e-celebrado","status":"publish","type":"post","link":"https:\/\/cnnbra.com.br\/al\/blog\/2026\/08\/08\/legado-da-primeira-medalha-paralimpica-do-brasil-e-celebrado\/","title":{"rendered":"Legado da Primeira Medalha Paral\u00edmpica do Brasil \u00e9 Celebrado"},"content":{"rendered":"<p>A hist\u00f3ria do paradesporto brasileiro ganhou destaque novamente com a celebra\u00e7\u00e3o da primeira medalha paral\u00edmpica do Brasil, conquistada em 1976 por Robson Sampaio de Almeida e Luiz Carlos da Costa. O evento de homenagem ocorrido no Centro de Treinamento Paral\u00edmpico em S\u00e3o Paulo marcou os 50 anos de conquistas no esporte adaptado.<\/p>\n<p>\\n<\/p>\n<p>Robson e Luiz Carlos trouxeram \u00e0 tona um legado que ainda ressoa nas pol\u00edticas de inclus\u00e3o e na luta por oportunidades para as pessoas com defici\u00eancia. A sobrinha de Robson, No\u00eamia Almeida, destacou que as vit\u00f3rias de hoje s\u00e3o fruto de lutas passadas, onde os atletas, sem o apoio que possuem hoje, batalhavam de porta em porta por recursos e reconhecimento.<\/p>\n<p>\\n<\/p>\n<p>A trajet\u00f3ria desses medalhistas reflete uma mudan\u00e7a significativa na percep\u00e7\u00e3o p\u00fablica e no apoio ao paradesporto no Brasil. Com a cria\u00e7\u00e3o do Comit\u00ea Paral\u00edmpico Brasileiro e iniciativas de inclus\u00e3o social, novos atletas t\u00eam a chance de se desenvolver em um ambiente mutuamente apoiador, seguindo o exemplo de lutadores como Robson.<\/p>\n","protected":false},"excerpt":{"rendered":"<p>A hist\u00f3ria do paradesporto brasileiro ganhou destaque novamente com a celebra\u00e7\u00e3o da primeira medalha paral\u00edmpica do Brasil, conquistada em 1976 por Robson Sampaio de Almeida e Luiz Carlos da Costa. O evento de homenagem ocorrido no Centro de Treinamento Paral\u00edmpico em S\u00e3o Paulo marcou os 50 anos de conquistas no esporte adaptado. \\n Robson e [&hellip;]<\/p>\n","protected":false},"author":1,"featured_media":4982,"comment_status":"open","ping_status":"open","sticky":false,"template":"","format":"standard","meta":{"fifu_image_url":"","fifu_image_alt":"","footnotes":""},"categories":[11],"tags":[],"class_list":["post-4983","post","type-post","status-publish","format-standard","has-post-thumbnail","hentry","category-alagoas"],"_links":{"self":[{"href":"https:\/\/cnnbra.com.br\/al\/wp-json\/wp\/v2\/posts\/4983","targetHints":{"allow":["GET"]}}],"collection":[{"href":"https:\/\/cnnbra.com.br\/al\/wp-json\/wp\/v2\/posts"}],"about":[{"href":"https:\/\/cnnbra.com.br\/al\/wp-json\/wp\/v2\/types\/post"}],"author":[{"embeddable":true,"href":"https:\/\/cnnbra.com.br\/al\/wp-json\/wp\/v2\/users\/1"}],"replies":[{"embeddable":true,"href":"https:\/\/cnnbra.com.br\/al\/wp-json\/wp\/v2\/comments?post=4983"}],"version-history":[{"count":0,"href":"https:\/\/cnnbra.com.br\/al\/wp-json\/wp\/v2\/posts\/4983\/revisions"}],"wp:featuredmedia":[{"embeddable":true,"href":"https:\/\/cnnbra.com.br\/al\/wp-json\/wp\/v2\/media\/4982"}],"wp:attachment":[{"href":"https:\/\/cnnbra.com.br\/al\/wp-json\/wp\/v2\/media?parent=4983"}],"wp:term":[{"taxonomy":"category","embeddable":true,"href":"https:\/\/cnnbra.com.br\/al\/wp-json\/wp\/v2\/categories?post=4983"},{"taxonomy":"post_tag","embeddable":true,"href":"https:\/\/cnnbra.com.br\/al\/wp-json\/wp\/v2\/tags?post=4983"}],"curies":[{"name":"wp","href":"https:\/\/api.w.org\/{rel}","templated":true}]}}