{"id":4950,"date":"2026-08-07T20:09:31","date_gmt":"2026-08-07T20:09:31","guid":{"rendered":"https:\/\/cnnbra.com.br\/al\/blog\/2026\/08\/07\/novos-medicamentos-chegam-a-farmacia-central-do-povo-em-palmeira\/"},"modified":"2026-08-07T20:09:31","modified_gmt":"2026-08-07T20:09:31","slug":"novos-medicamentos-chegam-a-farmacia-central-do-povo-em-palmeira","status":"publish","type":"post","link":"https:\/\/cnnbra.com.br\/al\/blog\/2026\/08\/07\/novos-medicamentos-chegam-a-farmacia-central-do-povo-em-palmeira\/","title":{"rendered":"Novos Medicamentos Chegam \u00e0 Farm\u00e1cia Central do Povo em Palmeira"},"content":{"rendered":"<p>A Secretaria Municipal de Sa\u00fade de Palmeira dos \u00cdndios anunciou uma nova remessa de medicamentos para a Farm\u00e1cia Central do Povo, recebida nesta semana. Esses produtos, enviados pelos governos Federal e Estadual, visam refor\u00e7ar o abastecimento da rede p\u00fablica de sa\u00fade local.<\/p>\n<p>\\n<\/p>\n<p>Al\u00e9m dos medicamentos, o munic\u00edpio tamb\u00e9m recebeu insumos e correlatos que ser\u00e3o direcionados \u00e0 Unidade de Pronto Atendimento (UPA) e \u00e0 Unidade Pedi\u00e1trica Municipal. A medida deve melhorar o suporte oferecido aos atendimentos \u00e0 popula\u00e7\u00e3o.<\/p>\n<p>\\n<\/p>\n<p>A farmac\u00eautica Kar\u00eania Rocha informou que, juntamente com os medicamentos, foram adquiridos suplementos para pacientes da rede p\u00fablica. \u201cA assist\u00eancia farmac\u00eautica do SUS \u00e9 organizada em tr\u00eas componentes, envolvendo o munic\u00edpio, o Estado e o Governo Federal\u201d, destacou a diretora da Farm\u00e1cia Central do Povo.<\/p>\n<p>\\n<\/p>\n<p>Nesta sexta-feira (7), novos lotes de medicamentos tamb\u00e9m est\u00e3o programados para chegar ao munic\u00edpio, ampliando ainda mais o estoque dispon\u00edvel e garantindo atendimento de qualidade.<\/p>\n","protected":false},"excerpt":{"rendered":"<p>A Secretaria Municipal de Sa\u00fade de Palmeira dos \u00cdndios anunciou uma nova remessa de medicamentos para a Farm\u00e1cia Central do Povo, recebida nesta semana. Esses produtos, enviados pelos governos Federal e Estadual, visam refor\u00e7ar o abastecimento da rede p\u00fablica de sa\u00fade local. \\n Al\u00e9m dos medicamentos, o munic\u00edpio tamb\u00e9m recebeu insumos e correlatos que ser\u00e3o [&hellip;]<\/p>\n","protected":false},"author":1,"featured_media":4949,"comment_status":"open","ping_status":"open","sticky":false,"template":"","format":"standard","meta":{"fifu_image_url":"","fifu_image_alt":"","footnotes":""},"categories":[11],"tags":[],"class_list":["post-4950","post","type-post","status-publish","format-standard","has-post-thumbnail","hentry","category-alagoas"],"_links":{"self":[{"href":"https:\/\/cnnbra.com.br\/al\/wp-json\/wp\/v2\/posts\/4950","targetHints":{"allow":["GET"]}}],"collection":[{"href":"https:\/\/cnnbra.com.br\/al\/wp-json\/wp\/v2\/posts"}],"about":[{"href":"https:\/\/cnnbra.com.br\/al\/wp-json\/wp\/v2\/types\/post"}],"author":[{"embeddable":true,"href":"https:\/\/cnnbra.com.br\/al\/wp-json\/wp\/v2\/users\/1"}],"replies":[{"embeddable":true,"href":"https:\/\/cnnbra.com.br\/al\/wp-json\/wp\/v2\/comments?post=4950"}],"version-history":[{"count":0,"href":"https:\/\/cnnbra.com.br\/al\/wp-json\/wp\/v2\/posts\/4950\/revisions"}],"wp:featuredmedia":[{"embeddable":true,"href":"https:\/\/cnnbra.com.br\/al\/wp-json\/wp\/v2\/media\/4949"}],"wp:attachment":[{"href":"https:\/\/cnnbra.com.br\/al\/wp-json\/wp\/v2\/media?parent=4950"}],"wp:term":[{"taxonomy":"category","embeddable":true,"href":"https:\/\/cnnbra.com.br\/al\/wp-json\/wp\/v2\/categories?post=4950"},{"taxonomy":"post_tag","embeddable":true,"href":"https:\/\/cnnbra.com.br\/al\/wp-json\/wp\/v2\/tags?post=4950"}],"curies":[{"name":"wp","href":"https:\/\/api.w.org\/{rel}","templated":true}]}}