{"id":4944,"date":"2026-08-07T19:50:04","date_gmt":"2026-08-07T19:50:04","guid":{"rendered":"https:\/\/cnnbra.com.br\/al\/blog\/2026\/08\/07\/csa-faz-ultimo-treino-em-maceio-e-viaja-para-quartas-da-serie-d\/"},"modified":"2026-08-07T19:50:04","modified_gmt":"2026-08-07T19:50:04","slug":"csa-faz-ultimo-treino-em-maceio-e-viaja-para-quartas-da-serie-d","status":"publish","type":"post","link":"https:\/\/cnnbra.com.br\/al\/blog\/2026\/08\/07\/csa-faz-ultimo-treino-em-maceio-e-viaja-para-quartas-da-serie-d\/","title":{"rendered":"CSA faz \u00faltimo treino em Macei\u00f3 e viaja para quartas da S\u00e9rie D"},"content":{"rendered":"<p>O CSA encerrou, na manh\u00e3 desta quinta-feira (6), sua prepara\u00e7\u00e3o em Macei\u00f3 para a decis\u00e3o da S\u00e9rie D do Campeonato Brasileiro. Sob o comando do t\u00e9cnico Moacir J\u00fanior, a equipe finalizou os treinos antes de seguir para Minas Gerais, onde enfrentar\u00e1 o Uberl\u00e2ndia.<\/p>\n<p>\\n<\/p>\n<p>A delega\u00e7\u00e3o j\u00e1 embarca nesta quinta e, na sexta-feira (7), realizar\u00e1 o \u00faltimo ajuste em Uberl\u00e2ndia, local do jogo de ida. A partida est\u00e1 marcada para s\u00e1bado (8), \u00e0s 17h, no Est\u00e1dio Parque do Sabi\u00e1, com transmiss\u00e3o ao vivo pela TV Gazeta e Portal Metr\u00f3poles, alcan\u00e7ando toda Alagoas.<\/p>\n<p>\\n<\/p>\n<p>O CSA, que eliminou o S\u00e3o Luiz nas oitavas de final, busca uma boa vantagem fora de casa para decidir a classifica\u00e7\u00e3o em Macei\u00f3. O executivo de futebol, Carlos Bonatelli, confirmou o refor\u00e7o do zagueiro Rafael Castro, que aguarda regulariza\u00e7\u00e3o para poder ser escalado na partida. Apesar das recentas baixas na defesa, a expectativa \u00e9 alta para essa etapa decisiva da competi\u00e7\u00e3o.<\/p>\n","protected":false},"excerpt":{"rendered":"<p>O CSA encerrou, na manh\u00e3 desta quinta-feira (6), sua prepara\u00e7\u00e3o em Macei\u00f3 para a decis\u00e3o da S\u00e9rie D do Campeonato Brasileiro. Sob o comando do t\u00e9cnico Moacir J\u00fanior, a equipe finalizou os treinos antes de seguir para Minas Gerais, onde enfrentar\u00e1 o Uberl\u00e2ndia. \\n A delega\u00e7\u00e3o j\u00e1 embarca nesta quinta e, na sexta-feira (7), realizar\u00e1 [&hellip;]<\/p>\n","protected":false},"author":1,"featured_media":4943,"comment_status":"open","ping_status":"open","sticky":false,"template":"","format":"standard","meta":{"fifu_image_url":"","fifu_image_alt":"","footnotes":""},"categories":[11],"tags":[],"class_list":["post-4944","post","type-post","status-publish","format-standard","has-post-thumbnail","hentry","category-alagoas"],"_links":{"self":[{"href":"https:\/\/cnnbra.com.br\/al\/wp-json\/wp\/v2\/posts\/4944","targetHints":{"allow":["GET"]}}],"collection":[{"href":"https:\/\/cnnbra.com.br\/al\/wp-json\/wp\/v2\/posts"}],"about":[{"href":"https:\/\/cnnbra.com.br\/al\/wp-json\/wp\/v2\/types\/post"}],"author":[{"embeddable":true,"href":"https:\/\/cnnbra.com.br\/al\/wp-json\/wp\/v2\/users\/1"}],"replies":[{"embeddable":true,"href":"https:\/\/cnnbra.com.br\/al\/wp-json\/wp\/v2\/comments?post=4944"}],"version-history":[{"count":0,"href":"https:\/\/cnnbra.com.br\/al\/wp-json\/wp\/v2\/posts\/4944\/revisions"}],"wp:featuredmedia":[{"embeddable":true,"href":"https:\/\/cnnbra.com.br\/al\/wp-json\/wp\/v2\/media\/4943"}],"wp:attachment":[{"href":"https:\/\/cnnbra.com.br\/al\/wp-json\/wp\/v2\/media?parent=4944"}],"wp:term":[{"taxonomy":"category","embeddable":true,"href":"https:\/\/cnnbra.com.br\/al\/wp-json\/wp\/v2\/categories?post=4944"},{"taxonomy":"post_tag","embeddable":true,"href":"https:\/\/cnnbra.com.br\/al\/wp-json\/wp\/v2\/tags?post=4944"}],"curies":[{"name":"wp","href":"https:\/\/api.w.org\/{rel}","templated":true}]}}