{"id":4940,"date":"2026-08-07T19:49:31","date_gmt":"2026-08-07T19:49:31","guid":{"rendered":"https:\/\/cnnbra.com.br\/al\/blog\/2026\/08\/07\/resultado-final-dos-pcds-no-concurso-da-guarda-civil-de-arapiraca\/"},"modified":"2026-08-07T19:49:31","modified_gmt":"2026-08-07T19:49:31","slug":"resultado-final-dos-pcds-no-concurso-da-guarda-civil-de-arapiraca","status":"publish","type":"post","link":"https:\/\/cnnbra.com.br\/al\/blog\/2026\/08\/07\/resultado-final-dos-pcds-no-concurso-da-guarda-civil-de-arapiraca\/","title":{"rendered":"Resultado final dos PCDs no concurso da Guarda Civil de Arapiraca"},"content":{"rendered":"<p>A Prefeitura de Arapiraca, por meio da Secretaria Municipal de Defesa Social, divulgou na sexta-feira (7) o resultado final da etapa de inspe\u00e7\u00e3o m\u00e9dica dos candidatos PCD aprovados no concurso para o cargo de Guarda Civil Municipal de 3\u00aa Classe. Essa divulga\u00e7\u00e3o refere-se \u00e0 2\u00aa convoca\u00e7\u00e3o, em conformidade com o Edital n\u00ba 01\/2025.<\/p>\n<p>\\n<\/p>\n<p>Os candidatos t\u00eam a op\u00e7\u00e3o de solicitar vista ou c\u00f3pia do parecer t\u00e9cnico da Junta M\u00e9dica Oficial pelo e-mail concurso@ibam.org.br ou pelos telefones (21) 2142-9715 (WhatsApp), (21) 2142-9728 e (21) 2142-9771, no hor\u00e1rio das 8h30 \u00e0s 12h30 e das 13h30 \u00e0s 17h30. \u00c9 importante observar as normas relacionadas \u00e0 prote\u00e7\u00e3o de dados pessoais e ao sigilo m\u00e9dico.<\/p>\n<p>\\n<\/p>\n<p>Essa etapa \u00e9 crucial para a habilita\u00e7\u00e3o dos candidatos e fortalece a inclus\u00e3o de pessoas com defici\u00eancia na Guarda Civil, refletindo o compromisso da administra\u00e7\u00e3o com a diversidade e a igualdade de oportunidades. Em breve, mais detalhes sobre as pr\u00f3ximas fases do concurso estar\u00e3o dispon\u00edveis.<\/p>\n","protected":false},"excerpt":{"rendered":"<p>A Prefeitura de Arapiraca, por meio da Secretaria Municipal de Defesa Social, divulgou na sexta-feira (7) o resultado final da etapa de inspe\u00e7\u00e3o m\u00e9dica dos candidatos PCD aprovados no concurso para o cargo de Guarda Civil Municipal de 3\u00aa Classe. Essa divulga\u00e7\u00e3o refere-se \u00e0 2\u00aa convoca\u00e7\u00e3o, em conformidade com o Edital n\u00ba 01\/2025. \\n Os [&hellip;]<\/p>\n","protected":false},"author":1,"featured_media":4939,"comment_status":"open","ping_status":"open","sticky":false,"template":"","format":"standard","meta":{"fifu_image_url":"","fifu_image_alt":"","footnotes":""},"categories":[11],"tags":[],"class_list":["post-4940","post","type-post","status-publish","format-standard","has-post-thumbnail","hentry","category-alagoas"],"_links":{"self":[{"href":"https:\/\/cnnbra.com.br\/al\/wp-json\/wp\/v2\/posts\/4940","targetHints":{"allow":["GET"]}}],"collection":[{"href":"https:\/\/cnnbra.com.br\/al\/wp-json\/wp\/v2\/posts"}],"about":[{"href":"https:\/\/cnnbra.com.br\/al\/wp-json\/wp\/v2\/types\/post"}],"author":[{"embeddable":true,"href":"https:\/\/cnnbra.com.br\/al\/wp-json\/wp\/v2\/users\/1"}],"replies":[{"embeddable":true,"href":"https:\/\/cnnbra.com.br\/al\/wp-json\/wp\/v2\/comments?post=4940"}],"version-history":[{"count":0,"href":"https:\/\/cnnbra.com.br\/al\/wp-json\/wp\/v2\/posts\/4940\/revisions"}],"wp:featuredmedia":[{"embeddable":true,"href":"https:\/\/cnnbra.com.br\/al\/wp-json\/wp\/v2\/media\/4939"}],"wp:attachment":[{"href":"https:\/\/cnnbra.com.br\/al\/wp-json\/wp\/v2\/media?parent=4940"}],"wp:term":[{"taxonomy":"category","embeddable":true,"href":"https:\/\/cnnbra.com.br\/al\/wp-json\/wp\/v2\/categories?post=4940"},{"taxonomy":"post_tag","embeddable":true,"href":"https:\/\/cnnbra.com.br\/al\/wp-json\/wp\/v2\/tags?post=4940"}],"curies":[{"name":"wp","href":"https:\/\/api.w.org\/{rel}","templated":true}]}}