{"id":4930,"date":"2026-08-07T19:11:04","date_gmt":"2026-08-07T19:11:04","guid":{"rendered":"https:\/\/cnnbra.com.br\/al\/blog\/2026\/08\/07\/caiado-critica-emendas-parlamentares-e-fala-de-futuro-governo\/"},"modified":"2026-08-07T19:11:04","modified_gmt":"2026-08-07T19:11:04","slug":"caiado-critica-emendas-parlamentares-e-fala-de-futuro-governo","status":"publish","type":"post","link":"https:\/\/cnnbra.com.br\/al\/blog\/2026\/08\/07\/caiado-critica-emendas-parlamentares-e-fala-de-futuro-governo\/","title":{"rendered":"Caiado critica emendas parlamentares e fala de futuro governo"},"content":{"rendered":"<p>O pr\u00e9-candidato do PSD \u00e0 presid\u00eancia, Ronaldo Caiado, abriu um debate sobre as emendas parlamentares, que ele considera uma \u2018desestrutura\u00e7\u00e3o do presidencialismo\u2019. As declara\u00e7\u00f5es foram feitas durante uma sabatina na GloboNews, onde ele frisou a necessidade de um governo com uma \u00fanica dire\u00e7\u00e3o.<\/p>\n<p>\\n<\/p>\n<p>Caiado mencionou que ao longo da sua carreira pol\u00edtica, nunca esteve diante de emendas impositivas e acredita que essa pr\u00e1tica gera uma \u2018desordem institucional\u2019. Para ele, \u00e9 essencial que o pr\u00f3ximo presidente tenha \u2018autoridade moral\u2019 e um plano claro para o pa\u00eds, sem a interfer\u00eancia de 594 dire\u00e7\u00f5es diferentes.<\/p>\n<p>\\n<\/p>\n<p>Ele tamb\u00e9m se comprometeu a direcionar as emendas para obras espec\u00edficas do seu governo, refor\u00e7ando que sua gest\u00e3o ser\u00e1 voltada para atender as demandas da popula\u00e7\u00e3o diretamente, sem dispers\u00e3o de esfor\u00e7os. A posi\u00e7\u00e3o de Caiado reflete um desejo de resgatar a centraliza\u00e7\u00e3o e a efic\u00e1cia na execu\u00e7\u00e3o de pol\u00edticas p\u00fablicas.<\/p>\n","protected":false},"excerpt":{"rendered":"<p>O pr\u00e9-candidato do PSD \u00e0 presid\u00eancia, Ronaldo Caiado, abriu um debate sobre as emendas parlamentares, que ele considera uma \u2018desestrutura\u00e7\u00e3o do presidencialismo\u2019. As declara\u00e7\u00f5es foram feitas durante uma sabatina na GloboNews, onde ele frisou a necessidade de um governo com uma \u00fanica dire\u00e7\u00e3o. \\n Caiado mencionou que ao longo da sua carreira pol\u00edtica, nunca esteve [&hellip;]<\/p>\n","protected":false},"author":1,"featured_media":4929,"comment_status":"open","ping_status":"open","sticky":false,"template":"","format":"standard","meta":{"fifu_image_url":"","fifu_image_alt":"","footnotes":""},"categories":[11],"tags":[],"class_list":["post-4930","post","type-post","status-publish","format-standard","has-post-thumbnail","hentry","category-alagoas"],"_links":{"self":[{"href":"https:\/\/cnnbra.com.br\/al\/wp-json\/wp\/v2\/posts\/4930","targetHints":{"allow":["GET"]}}],"collection":[{"href":"https:\/\/cnnbra.com.br\/al\/wp-json\/wp\/v2\/posts"}],"about":[{"href":"https:\/\/cnnbra.com.br\/al\/wp-json\/wp\/v2\/types\/post"}],"author":[{"embeddable":true,"href":"https:\/\/cnnbra.com.br\/al\/wp-json\/wp\/v2\/users\/1"}],"replies":[{"embeddable":true,"href":"https:\/\/cnnbra.com.br\/al\/wp-json\/wp\/v2\/comments?post=4930"}],"version-history":[{"count":0,"href":"https:\/\/cnnbra.com.br\/al\/wp-json\/wp\/v2\/posts\/4930\/revisions"}],"wp:featuredmedia":[{"embeddable":true,"href":"https:\/\/cnnbra.com.br\/al\/wp-json\/wp\/v2\/media\/4929"}],"wp:attachment":[{"href":"https:\/\/cnnbra.com.br\/al\/wp-json\/wp\/v2\/media?parent=4930"}],"wp:term":[{"taxonomy":"category","embeddable":true,"href":"https:\/\/cnnbra.com.br\/al\/wp-json\/wp\/v2\/categories?post=4930"},{"taxonomy":"post_tag","embeddable":true,"href":"https:\/\/cnnbra.com.br\/al\/wp-json\/wp\/v2\/tags?post=4930"}],"curies":[{"name":"wp","href":"https:\/\/api.w.org\/{rel}","templated":true}]}}