{"id":4928,"date":"2026-08-07T19:10:42","date_gmt":"2026-08-07T19:10:42","guid":{"rendered":"https:\/\/cnnbra.com.br\/al\/blog\/2026\/08\/07\/eliezer-e-viih-tube-emocionam-com-album-indicado-ao-grammy-latino\/"},"modified":"2026-08-07T19:10:42","modified_gmt":"2026-08-07T19:10:42","slug":"eliezer-e-viih-tube-emocionam-com-album-indicado-ao-grammy-latino","status":"publish","type":"post","link":"https:\/\/cnnbra.com.br\/al\/blog\/2026\/08\/07\/eliezer-e-viih-tube-emocionam-com-album-indicado-ao-grammy-latino\/","title":{"rendered":"Eliezer e Viih Tube emocionam com \u00e1lbum indicado ao Grammy Latino"},"content":{"rendered":"<p>O ex-participante do Big Brother Brasil, Eliezer, de 36 anos, n\u00e3o conteve a emo\u00e7\u00e3o ao saber que o \u00e1lbum que produziu com a influenciadora Viih Tube foi considerado para o Grammy Latino. A not\u00edcia gerou uma onda de apoio entre os f\u00e3s, especialmente entre aqueles que acompanham a trajet\u00f3ria dos dois desde o reality show.<\/p>\n<p>\\n<\/p>\n<p>Eliezer expressou sua felicidade em redes sociais, destacando a import\u00e2ncia da conquista e seu significado para sua carreira. A indica\u00e7\u00e3o ao Grammy Latino, um dos pr\u00eamios mais cobi\u00e7ados da m\u00fasica, \u00e9 vista como um marco n\u00e3o apenas para ele, mas tamb\u00e9m para Viih Tube, que busca consolidar sua presen\u00e7a na ind\u00fastria musical.<\/p>\n<p>\\n<\/p>\n<p>O impacto dessa not\u00edcia em Alagoas \u00e9 palp\u00e1vel, com muitos f\u00e3s em Macei\u00f3 e no interior do estado mostrando apoio e comemora\u00e7\u00f5es nas redes sociais. O duo j\u00e1 planeja uma s\u00e9rie de shows para divulgar o \u00e1lbum, o que pode aquecer a cena musical local.<\/p>\n","protected":false},"excerpt":{"rendered":"<p>O ex-participante do Big Brother Brasil, Eliezer, de 36 anos, n\u00e3o conteve a emo\u00e7\u00e3o ao saber que o \u00e1lbum que produziu com a influenciadora Viih Tube foi considerado para o Grammy Latino. A not\u00edcia gerou uma onda de apoio entre os f\u00e3s, especialmente entre aqueles que acompanham a trajet\u00f3ria dos dois desde o reality show. [&hellip;]<\/p>\n","protected":false},"author":1,"featured_media":4927,"comment_status":"open","ping_status":"open","sticky":false,"template":"","format":"standard","meta":{"fifu_image_url":"","fifu_image_alt":"","footnotes":""},"categories":[11],"tags":[],"class_list":["post-4928","post","type-post","status-publish","format-standard","has-post-thumbnail","hentry","category-alagoas"],"_links":{"self":[{"href":"https:\/\/cnnbra.com.br\/al\/wp-json\/wp\/v2\/posts\/4928","targetHints":{"allow":["GET"]}}],"collection":[{"href":"https:\/\/cnnbra.com.br\/al\/wp-json\/wp\/v2\/posts"}],"about":[{"href":"https:\/\/cnnbra.com.br\/al\/wp-json\/wp\/v2\/types\/post"}],"author":[{"embeddable":true,"href":"https:\/\/cnnbra.com.br\/al\/wp-json\/wp\/v2\/users\/1"}],"replies":[{"embeddable":true,"href":"https:\/\/cnnbra.com.br\/al\/wp-json\/wp\/v2\/comments?post=4928"}],"version-history":[{"count":0,"href":"https:\/\/cnnbra.com.br\/al\/wp-json\/wp\/v2\/posts\/4928\/revisions"}],"wp:featuredmedia":[{"embeddable":true,"href":"https:\/\/cnnbra.com.br\/al\/wp-json\/wp\/v2\/media\/4927"}],"wp:attachment":[{"href":"https:\/\/cnnbra.com.br\/al\/wp-json\/wp\/v2\/media?parent=4928"}],"wp:term":[{"taxonomy":"category","embeddable":true,"href":"https:\/\/cnnbra.com.br\/al\/wp-json\/wp\/v2\/categories?post=4928"},{"taxonomy":"post_tag","embeddable":true,"href":"https:\/\/cnnbra.com.br\/al\/wp-json\/wp\/v2\/tags?post=4928"}],"curies":[{"name":"wp","href":"https:\/\/api.w.org\/{rel}","templated":true}]}}