{"id":4920,"date":"2026-08-07T19:09:31","date_gmt":"2026-08-07T19:09:31","guid":{"rendered":"https:\/\/cnnbra.com.br\/al\/blog\/2026\/08\/07\/agu-vai-a-justica-para-tentar-suspender-uso-do-discord-no-brasil\/"},"modified":"2026-08-07T19:09:31","modified_gmt":"2026-08-07T19:09:31","slug":"agu-vai-a-justica-para-tentar-suspender-uso-do-discord-no-brasil","status":"publish","type":"post","link":"https:\/\/cnnbra.com.br\/al\/blog\/2026\/08\/07\/agu-vai-a-justica-para-tentar-suspender-uso-do-discord-no-brasil\/","title":{"rendered":"AGU vai \u00e0 Justi\u00e7a para tentar suspender uso do Discord no Brasil"},"content":{"rendered":"<p>A Advocacia-Geral da Uni\u00e3o (AGU) anunciou que ir\u00e1 entrar com uma a\u00e7\u00e3o na Justi\u00e7a solicitando a retirada do Discord do ar. O advogado-geral da Uni\u00e3o, Jorge Messias, fez o an\u00fancio em um evento que sancionou uma lei que aumenta a puni\u00e7\u00e3o a crimes digitais que afetem crian\u00e7as e adolescentes.<\/p>\n<p>\\n<\/p>\n<p>Messias afirmou que o pedido surgiu ap\u00f3s a negativa da Justi\u00e7a em atender a um pedido da pol\u00edcia para suspender a plataforma. Ele buscar\u00e1 informa\u00e7\u00f5es recentes com o ministro da Justi\u00e7a, Wellington Lima e Silva, para manejar uma a\u00e7\u00e3o civil p\u00fablica que responsabilize a plataforma por n\u00e3o cumprir a legisla\u00e7\u00e3o brasileira e pela falta de prote\u00e7\u00e3o a jovens usu\u00e1rios.<\/p>\n<p>\\n<\/p>\n<p>O caso veio \u00e0 tona ap\u00f3s o suic\u00eddio de uma adolescente durante uma transmiss\u00e3o ao vivo no Discord, em julho. A situa\u00e7\u00e3o chocou o pa\u00eds e impulsionou a Opera\u00e7\u00e3o L\u00edvia, no Mato Grosso do Sul, resultando na apreens\u00e3o de cinco menores de idade envolvidos no epis\u00f3dio.<\/p>\n<p>\\n<\/p>\n<h2>Busca por ajuda e apoio<\/h2>\n<p>\\n<\/p>\n<p>\u00c9 fundamental que adolescentes, familiares e qualquer pessoa que esteja enfrentando situa\u00e7\u00f5es dif\u00edceis busquem apoio. O Minist\u00e9rio da Sa\u00fade recomenda que conversas com pessoas de confian\u00e7a, como amigos e profissionais da sa\u00fade, s\u00e3o essenciais. Para isso, os Centros de Aten\u00e7\u00e3o Psicossocial e o Centro de Valoriza\u00e7\u00e3o da Vida (188) est\u00e3o dispon\u00edveis para suporte emocional.<\/p>\n","protected":false},"excerpt":{"rendered":"<p>A Advocacia-Geral da Uni\u00e3o (AGU) anunciou que ir\u00e1 entrar com uma a\u00e7\u00e3o na Justi\u00e7a solicitando a retirada do Discord do ar. O advogado-geral da Uni\u00e3o, Jorge Messias, fez o an\u00fancio em um evento que sancionou uma lei que aumenta a puni\u00e7\u00e3o a crimes digitais que afetem crian\u00e7as e adolescentes. \\n Messias afirmou que o pedido [&hellip;]<\/p>\n","protected":false},"author":1,"featured_media":4919,"comment_status":"open","ping_status":"open","sticky":false,"template":"","format":"standard","meta":{"fifu_image_url":"","fifu_image_alt":"","footnotes":""},"categories":[11],"tags":[],"class_list":["post-4920","post","type-post","status-publish","format-standard","has-post-thumbnail","hentry","category-alagoas"],"_links":{"self":[{"href":"https:\/\/cnnbra.com.br\/al\/wp-json\/wp\/v2\/posts\/4920","targetHints":{"allow":["GET"]}}],"collection":[{"href":"https:\/\/cnnbra.com.br\/al\/wp-json\/wp\/v2\/posts"}],"about":[{"href":"https:\/\/cnnbra.com.br\/al\/wp-json\/wp\/v2\/types\/post"}],"author":[{"embeddable":true,"href":"https:\/\/cnnbra.com.br\/al\/wp-json\/wp\/v2\/users\/1"}],"replies":[{"embeddable":true,"href":"https:\/\/cnnbra.com.br\/al\/wp-json\/wp\/v2\/comments?post=4920"}],"version-history":[{"count":0,"href":"https:\/\/cnnbra.com.br\/al\/wp-json\/wp\/v2\/posts\/4920\/revisions"}],"wp:featuredmedia":[{"embeddable":true,"href":"https:\/\/cnnbra.com.br\/al\/wp-json\/wp\/v2\/media\/4919"}],"wp:attachment":[{"href":"https:\/\/cnnbra.com.br\/al\/wp-json\/wp\/v2\/media?parent=4920"}],"wp:term":[{"taxonomy":"category","embeddable":true,"href":"https:\/\/cnnbra.com.br\/al\/wp-json\/wp\/v2\/categories?post=4920"},{"taxonomy":"post_tag","embeddable":true,"href":"https:\/\/cnnbra.com.br\/al\/wp-json\/wp\/v2\/tags?post=4920"}],"curies":[{"name":"wp","href":"https:\/\/api.w.org\/{rel}","templated":true}]}}