{"id":4916,"date":"2026-08-07T17:30:28","date_gmt":"2026-08-07T17:30:28","guid":{"rendered":"https:\/\/cnnbra.com.br\/al\/blog\/2026\/08\/07\/banco-central-reduz-selic-para-14-e-muda-tom-na-politica-monetaria\/"},"modified":"2026-08-07T17:30:28","modified_gmt":"2026-08-07T17:30:28","slug":"banco-central-reduz-selic-para-14-e-muda-tom-na-politica-monetaria","status":"publish","type":"post","link":"https:\/\/cnnbra.com.br\/al\/blog\/2026\/08\/07\/banco-central-reduz-selic-para-14-e-muda-tom-na-politica-monetaria\/","title":{"rendered":"Banco Central reduz Selic para 14% e muda tom na pol\u00edtica monet\u00e1ria"},"content":{"rendered":"<p>Nesta semana, o Copom anunciou a redu\u00e7\u00e3o da taxa Selic de 14,25% para 14% ao ano, marcando o quarto corte consecutivo. Essa decis\u00e3o foi un\u00e2nime e j\u00e1 era esperada pelo mercado, mas trouxe um comunicado mais cauteloso, indicando que n\u00e3o h\u00e1 mais um roteiro pr\u00e9-definido para novos cortes.<\/p>\n<p>\\n<\/p>\n<p>O Banco Central afirma que a avalia\u00e7\u00e3o das pr\u00f3ximas reuni\u00f5es ser\u00e1 feita com base em dados econ\u00f4micos, o que significa que n\u00e3o h\u00e1 garantias de um novo corte em setembro. Isso pode trazer incertezas para investidores e cidad\u00e3os alagoanos que dependem de um cr\u00e9dito mais acess\u00edvel.<\/p>\n<p>\\n<\/p>\n<p>Com a redu\u00e7\u00e3o da Selic, os dados econ\u00f4micos, como a infla\u00e7\u00e3o, v\u00e3o passar a ter um papel central nas decis\u00f5es. A expectativa de infla\u00e7\u00e3o para 2027 subiu, refor\u00e7ando a necessidade de acompanhar de perto os indicadores que podem afetar a economia local.<\/p>\n","protected":false},"excerpt":{"rendered":"<p>Nesta semana, o Copom anunciou a redu\u00e7\u00e3o da taxa Selic de 14,25% para 14% ao ano, marcando o quarto corte consecutivo. Essa decis\u00e3o foi un\u00e2nime e j\u00e1 era esperada pelo mercado, mas trouxe um comunicado mais cauteloso, indicando que n\u00e3o h\u00e1 mais um roteiro pr\u00e9-definido para novos cortes. \\n O Banco Central afirma que a [&hellip;]<\/p>\n","protected":false},"author":1,"featured_media":4915,"comment_status":"open","ping_status":"open","sticky":false,"template":"","format":"standard","meta":{"fifu_image_url":"","fifu_image_alt":"","footnotes":""},"categories":[11],"tags":[],"class_list":["post-4916","post","type-post","status-publish","format-standard","has-post-thumbnail","hentry","category-alagoas"],"_links":{"self":[{"href":"https:\/\/cnnbra.com.br\/al\/wp-json\/wp\/v2\/posts\/4916","targetHints":{"allow":["GET"]}}],"collection":[{"href":"https:\/\/cnnbra.com.br\/al\/wp-json\/wp\/v2\/posts"}],"about":[{"href":"https:\/\/cnnbra.com.br\/al\/wp-json\/wp\/v2\/types\/post"}],"author":[{"embeddable":true,"href":"https:\/\/cnnbra.com.br\/al\/wp-json\/wp\/v2\/users\/1"}],"replies":[{"embeddable":true,"href":"https:\/\/cnnbra.com.br\/al\/wp-json\/wp\/v2\/comments?post=4916"}],"version-history":[{"count":0,"href":"https:\/\/cnnbra.com.br\/al\/wp-json\/wp\/v2\/posts\/4916\/revisions"}],"wp:featuredmedia":[{"embeddable":true,"href":"https:\/\/cnnbra.com.br\/al\/wp-json\/wp\/v2\/media\/4915"}],"wp:attachment":[{"href":"https:\/\/cnnbra.com.br\/al\/wp-json\/wp\/v2\/media?parent=4916"}],"wp:term":[{"taxonomy":"category","embeddable":true,"href":"https:\/\/cnnbra.com.br\/al\/wp-json\/wp\/v2\/categories?post=4916"},{"taxonomy":"post_tag","embeddable":true,"href":"https:\/\/cnnbra.com.br\/al\/wp-json\/wp\/v2\/tags?post=4916"}],"curies":[{"name":"wp","href":"https:\/\/api.w.org\/{rel}","templated":true}]}}