{"id":4898,"date":"2026-08-07T13:12:11","date_gmt":"2026-08-07T13:12:11","guid":{"rendered":"https:\/\/cnnbra.com.br\/al\/blog\/2026\/08\/07\/musica-classica-sala-de-concerto-homenageia-radames-gnattali\/"},"modified":"2026-08-07T13:12:11","modified_gmt":"2026-08-07T13:12:11","slug":"musica-classica-sala-de-concerto-homenageia-radames-gnattali","status":"publish","type":"post","link":"https:\/\/cnnbra.com.br\/al\/blog\/2026\/08\/07\/musica-classica-sala-de-concerto-homenageia-radames-gnattali\/","title":{"rendered":"M\u00fasica Cl\u00e1ssica: Sala de Concerto homenageia Radam\u00e9s Gnattali"},"content":{"rendered":"<p>O programa Sala de Concerto da R\u00e1dio MEC, que vai ao ar nesta sexta-feira (7) \u00e0s 17h, traz um repert\u00f3rio especial dedicado ao talento do arranjador e compositor brasileiro Radam\u00e9s Gnattali. O grupo Abstrai Ensemble e o Conjunto de Sax da UFRJ, sob a dire\u00e7\u00e3o do saxofonista Pedro Bittencourt, fazem a interpreta\u00e7\u00e3o das obras.<\/p>\n<p> \\n<\/p>\n<p>Este epis\u00f3dio contar\u00e1 com a apresenta\u00e7\u00e3o de composi\u00e7\u00f5es como <em>Brasiliana n.7<\/em>, <em>Bate Papo<\/em>, <em>Valsa Triste<\/em> e <em>Remexendo<\/em>. O Abstrai Ensemble, conhecido por promover a m\u00fasica contempor\u00e2nea brasileira, vai oferecer uma performance rica e variada que promete cativar o p\u00fablico.<\/p>\n<p> \\n<\/p>\n<p>A R\u00e1dio MEC, refer\u00eancia em m\u00fasica cl\u00e1ssica no pa\u00eds, transmite o programa todas as sextas-feiras. Para quem mora em Alagoas, a oportunidade de apreciar essa combina\u00e7\u00e3o de erudi\u00e7\u00e3o e talento nacional \u00e9 \u00fanica, refor\u00e7ando a import\u00e2ncia da m\u00fasica em nossas vidas.<\/p>\n","protected":false},"excerpt":{"rendered":"<p>O programa Sala de Concerto da R\u00e1dio MEC, que vai ao ar nesta sexta-feira (7) \u00e0s 17h, traz um repert\u00f3rio especial dedicado ao talento do arranjador e compositor brasileiro Radam\u00e9s Gnattali. O grupo Abstrai Ensemble e o Conjunto de Sax da UFRJ, sob a dire\u00e7\u00e3o do saxofonista Pedro Bittencourt, fazem a interpreta\u00e7\u00e3o das obras. \\n [&hellip;]<\/p>\n","protected":false},"author":1,"featured_media":4897,"comment_status":"open","ping_status":"open","sticky":false,"template":"","format":"standard","meta":{"fifu_image_url":"","fifu_image_alt":"","footnotes":""},"categories":[11],"tags":[],"class_list":["post-4898","post","type-post","status-publish","format-standard","has-post-thumbnail","hentry","category-alagoas"],"_links":{"self":[{"href":"https:\/\/cnnbra.com.br\/al\/wp-json\/wp\/v2\/posts\/4898","targetHints":{"allow":["GET"]}}],"collection":[{"href":"https:\/\/cnnbra.com.br\/al\/wp-json\/wp\/v2\/posts"}],"about":[{"href":"https:\/\/cnnbra.com.br\/al\/wp-json\/wp\/v2\/types\/post"}],"author":[{"embeddable":true,"href":"https:\/\/cnnbra.com.br\/al\/wp-json\/wp\/v2\/users\/1"}],"replies":[{"embeddable":true,"href":"https:\/\/cnnbra.com.br\/al\/wp-json\/wp\/v2\/comments?post=4898"}],"version-history":[{"count":0,"href":"https:\/\/cnnbra.com.br\/al\/wp-json\/wp\/v2\/posts\/4898\/revisions"}],"wp:featuredmedia":[{"embeddable":true,"href":"https:\/\/cnnbra.com.br\/al\/wp-json\/wp\/v2\/media\/4897"}],"wp:attachment":[{"href":"https:\/\/cnnbra.com.br\/al\/wp-json\/wp\/v2\/media?parent=4898"}],"wp:term":[{"taxonomy":"category","embeddable":true,"href":"https:\/\/cnnbra.com.br\/al\/wp-json\/wp\/v2\/categories?post=4898"},{"taxonomy":"post_tag","embeddable":true,"href":"https:\/\/cnnbra.com.br\/al\/wp-json\/wp\/v2\/tags?post=4898"}],"curies":[{"name":"wp","href":"https:\/\/api.w.org\/{rel}","templated":true}]}}