{"id":4870,"date":"2026-08-07T01:09:45","date_gmt":"2026-08-07T01:09:45","guid":{"rendered":"https:\/\/cnnbra.com.br\/al\/blog\/2026\/08\/07\/flavio-bolsonaro-fala-sobre-guerra-psicologica-em-campanha\/"},"modified":"2026-08-07T01:09:45","modified_gmt":"2026-08-07T01:09:45","slug":"flavio-bolsonaro-fala-sobre-guerra-psicologica-em-campanha","status":"publish","type":"post","link":"https:\/\/cnnbra.com.br\/al\/blog\/2026\/08\/07\/flavio-bolsonaro-fala-sobre-guerra-psicologica-em-campanha\/","title":{"rendered":"Fl\u00e1vio Bolsonaro fala sobre &#8216;guerra psicol\u00f3gica&#8217; em campanha"},"content":{"rendered":"<p>Nesta quinta-feira (6), Fl\u00e1vio Bolsonaro, candidato \u00e0 Presid\u00eancia, se manifestou sobre as especula\u00e7\u00f5es que envolvem seu nome e afirmou estar enfrentando uma &#8220;guerra psicol\u00f3gica&#8221;. Suas declara\u00e7\u00f5es v\u00eam em um momento em que o cen\u00e1rio pol\u00edtico nacional se torna cada vez mais turbulento.<\/p>\n<p>\\n<\/p>\n<p>Essa situa\u00e7\u00e3o pode refletir de maneira indireta aqui em Alagoas, onde a percep\u00e7\u00e3o da pol\u00edtica nacional pode influenciar o voto dos eleitores locais, especialmente nas elei\u00e7\u00f5es que se aproximam.<\/p>\n<p>\\n<\/p>\n<p>Em meio a debates acalorados e acusa\u00e7\u00f5es, \u00e9 importante que o eleitor alagoano mantenha um olhar cr\u00edtico sobre os desdobramentos e como eles podem impactar o estado e suas cidades, como Macei\u00f3 e Arapiraca.<\/p>\n","protected":false},"excerpt":{"rendered":"<p>Nesta quinta-feira (6), Fl\u00e1vio Bolsonaro, candidato \u00e0 Presid\u00eancia, se manifestou sobre as especula\u00e7\u00f5es que envolvem seu nome e afirmou estar enfrentando uma &#8220;guerra psicol\u00f3gica&#8221;. Suas declara\u00e7\u00f5es v\u00eam em um momento em que o cen\u00e1rio pol\u00edtico nacional se torna cada vez mais turbulento. \\n Essa situa\u00e7\u00e3o pode refletir de maneira indireta aqui em Alagoas, onde a [&hellip;]<\/p>\n","protected":false},"author":1,"featured_media":4869,"comment_status":"open","ping_status":"open","sticky":false,"template":"","format":"standard","meta":{"fifu_image_url":"","fifu_image_alt":"","footnotes":""},"categories":[11],"tags":[],"class_list":["post-4870","post","type-post","status-publish","format-standard","has-post-thumbnail","hentry","category-alagoas"],"_links":{"self":[{"href":"https:\/\/cnnbra.com.br\/al\/wp-json\/wp\/v2\/posts\/4870","targetHints":{"allow":["GET"]}}],"collection":[{"href":"https:\/\/cnnbra.com.br\/al\/wp-json\/wp\/v2\/posts"}],"about":[{"href":"https:\/\/cnnbra.com.br\/al\/wp-json\/wp\/v2\/types\/post"}],"author":[{"embeddable":true,"href":"https:\/\/cnnbra.com.br\/al\/wp-json\/wp\/v2\/users\/1"}],"replies":[{"embeddable":true,"href":"https:\/\/cnnbra.com.br\/al\/wp-json\/wp\/v2\/comments?post=4870"}],"version-history":[{"count":0,"href":"https:\/\/cnnbra.com.br\/al\/wp-json\/wp\/v2\/posts\/4870\/revisions"}],"wp:featuredmedia":[{"embeddable":true,"href":"https:\/\/cnnbra.com.br\/al\/wp-json\/wp\/v2\/media\/4869"}],"wp:attachment":[{"href":"https:\/\/cnnbra.com.br\/al\/wp-json\/wp\/v2\/media?parent=4870"}],"wp:term":[{"taxonomy":"category","embeddable":true,"href":"https:\/\/cnnbra.com.br\/al\/wp-json\/wp\/v2\/categories?post=4870"},{"taxonomy":"post_tag","embeddable":true,"href":"https:\/\/cnnbra.com.br\/al\/wp-json\/wp\/v2\/tags?post=4870"}],"curies":[{"name":"wp","href":"https:\/\/api.w.org\/{rel}","templated":true}]}}