{"id":4866,"date":"2026-08-06T20:32:21","date_gmt":"2026-08-06T20:32:21","guid":{"rendered":"https:\/\/cnnbra.com.br\/al\/blog\/2026\/08\/06\/superintendentes-da-pf-apoiam-direcao-em-meio-a-conflitos-internos\/"},"modified":"2026-08-06T20:32:21","modified_gmt":"2026-08-06T20:32:21","slug":"superintendentes-da-pf-apoiam-direcao-em-meio-a-conflitos-internos","status":"publish","type":"post","link":"https:\/\/cnnbra.com.br\/al\/blog\/2026\/08\/06\/superintendentes-da-pf-apoiam-direcao-em-meio-a-conflitos-internos\/","title":{"rendered":"Superintendentes da PF apoiam dire\u00e7\u00e3o em meio a conflitos internos"},"content":{"rendered":"<p>Os superintendentes da Pol&iacute;cia Federal (PF) em todo o Brasil, incluindo os representantes de Alagoas, se uniram em uma nota p&uacute;blica nessa quinta-feira (6) para expressar apoio \u00e0 dire&ccedil;&atilde;o do \u00f3rg\u00e3o. A medida ocorre em um momento em que a PF enfrenta embates internos, especialmente com o ministro da Justi&ccedil;a, Fl&aacute;vio Mendon&ccedil;a.<\/p>\n<p>\\n<\/p>\n<p>A situa\u00e7\u00e3o gerou preocupa\u00e7\u00f5es sobre a autonomia da PF e o impacto que essas tens&otilde;es podem ter nas investiga&ccedil;&otilde;es em andamento em todo o pa\u00eds, inclusive em Alagoas. Os superintendentes ressaltaram a import\u00e2ncia de proteger a integridade da institui&ccedil;&atilde;o e a necessidade de estabilidade administrativa.<\/p>\n<p>\\n<\/p>\n<p>Os desdobramentos dessa situa&ccedil;&atilde;o podem refletir diretamente na seguran\u00e7a p\u00fabica e nas opera\u00e7\u00f5es da PF em nosso estado. A espera &eacute; para ver se essas tens&otilde;es influenciar&atilde;o na atua&ccedil;&atilde;o policial local.<\/p>\n","protected":false},"excerpt":{"rendered":"<p>Os superintendentes da Pol&iacute;cia Federal (PF) em todo o Brasil, incluindo os representantes de Alagoas, se uniram em uma nota p&uacute;blica nessa quinta-feira (6) para expressar apoio \u00e0 dire&ccedil;&atilde;o do \u00f3rg\u00e3o. A medida ocorre em um momento em que a PF enfrenta embates internos, especialmente com o ministro da Justi&ccedil;a, Fl&aacute;vio Mendon&ccedil;a. \\n A situa\u00e7\u00e3o [&hellip;]<\/p>\n","protected":false},"author":1,"featured_media":4865,"comment_status":"open","ping_status":"open","sticky":false,"template":"","format":"standard","meta":{"fifu_image_url":"","fifu_image_alt":"","footnotes":""},"categories":[11],"tags":[],"class_list":["post-4866","post","type-post","status-publish","format-standard","has-post-thumbnail","hentry","category-alagoas"],"_links":{"self":[{"href":"https:\/\/cnnbra.com.br\/al\/wp-json\/wp\/v2\/posts\/4866","targetHints":{"allow":["GET"]}}],"collection":[{"href":"https:\/\/cnnbra.com.br\/al\/wp-json\/wp\/v2\/posts"}],"about":[{"href":"https:\/\/cnnbra.com.br\/al\/wp-json\/wp\/v2\/types\/post"}],"author":[{"embeddable":true,"href":"https:\/\/cnnbra.com.br\/al\/wp-json\/wp\/v2\/users\/1"}],"replies":[{"embeddable":true,"href":"https:\/\/cnnbra.com.br\/al\/wp-json\/wp\/v2\/comments?post=4866"}],"version-history":[{"count":0,"href":"https:\/\/cnnbra.com.br\/al\/wp-json\/wp\/v2\/posts\/4866\/revisions"}],"wp:featuredmedia":[{"embeddable":true,"href":"https:\/\/cnnbra.com.br\/al\/wp-json\/wp\/v2\/media\/4865"}],"wp:attachment":[{"href":"https:\/\/cnnbra.com.br\/al\/wp-json\/wp\/v2\/media?parent=4866"}],"wp:term":[{"taxonomy":"category","embeddable":true,"href":"https:\/\/cnnbra.com.br\/al\/wp-json\/wp\/v2\/categories?post=4866"},{"taxonomy":"post_tag","embeddable":true,"href":"https:\/\/cnnbra.com.br\/al\/wp-json\/wp\/v2\/tags?post=4866"}],"curies":[{"name":"wp","href":"https:\/\/api.w.org\/{rel}","templated":true}]}}