{"id":4858,"date":"2026-08-06T20:31:07","date_gmt":"2026-08-06T20:31:07","guid":{"rendered":"https:\/\/cnnbra.com.br\/al\/blog\/2026\/08\/06\/falece-geraldao-idolo-do-corinthians-e-da-historia-do-futebol\/"},"modified":"2026-08-06T20:31:07","modified_gmt":"2026-08-06T20:31:07","slug":"falece-geraldao-idolo-do-corinthians-e-da-historia-do-futebol","status":"publish","type":"post","link":"https:\/\/cnnbra.com.br\/al\/blog\/2026\/08\/06\/falece-geraldao-idolo-do-corinthians-e-da-historia-do-futebol\/","title":{"rendered":"Falece Gerald\u00e3o, \u00eddolo do Corinthians e da hist\u00f3ria do futebol"},"content":{"rendered":"<p>Faleceu Gerald\u00e3o, um dos artilheiros mais queridos do Corinthians, especialmente conhecido pela sua contribui\u00e7\u00e3o na conquista do Campeonato Paulista de 1977. Embora n\u00e3o tenha marcado o gol do t\u00edtulo, que foi de Bas\u00edlio, seu legado no futebol \u00e9 ineg\u00e1vel.<\/p>\n<p>\\n<\/p>\n<p>Gerald\u00e3o, que ficou marcado na hist\u00f3ria do futebol brasileiro por sua dedica\u00e7\u00e3o e talento, deixa uma comunidade de torcedores entristecida. A celebra\u00e7\u00e3o de sua carreira e seu impacto no esporte continua vivo entre os f\u00e3s.<\/p>\n<p>\\n<\/p>\n<p>Alagoas, como muitos outros estados, tamb\u00e9m sente a perda de um \u00edcone que inspirou gera\u00e7\u00f5es. Sua trajet\u00f3ria, marcada por perseveran\u00e7a e amor ao futebol, ser\u00e1 sempre lembrada.<\/p>\n","protected":false},"excerpt":{"rendered":"<p>Faleceu Gerald\u00e3o, um dos artilheiros mais queridos do Corinthians, especialmente conhecido pela sua contribui\u00e7\u00e3o na conquista do Campeonato Paulista de 1977. Embora n\u00e3o tenha marcado o gol do t\u00edtulo, que foi de Bas\u00edlio, seu legado no futebol \u00e9 ineg\u00e1vel. \\n Gerald\u00e3o, que ficou marcado na hist\u00f3ria do futebol brasileiro por sua dedica\u00e7\u00e3o e talento, deixa [&hellip;]<\/p>\n","protected":false},"author":1,"featured_media":4857,"comment_status":"open","ping_status":"open","sticky":false,"template":"","format":"standard","meta":{"fifu_image_url":"","fifu_image_alt":"","footnotes":""},"categories":[11],"tags":[],"class_list":["post-4858","post","type-post","status-publish","format-standard","has-post-thumbnail","hentry","category-alagoas"],"_links":{"self":[{"href":"https:\/\/cnnbra.com.br\/al\/wp-json\/wp\/v2\/posts\/4858","targetHints":{"allow":["GET"]}}],"collection":[{"href":"https:\/\/cnnbra.com.br\/al\/wp-json\/wp\/v2\/posts"}],"about":[{"href":"https:\/\/cnnbra.com.br\/al\/wp-json\/wp\/v2\/types\/post"}],"author":[{"embeddable":true,"href":"https:\/\/cnnbra.com.br\/al\/wp-json\/wp\/v2\/users\/1"}],"replies":[{"embeddable":true,"href":"https:\/\/cnnbra.com.br\/al\/wp-json\/wp\/v2\/comments?post=4858"}],"version-history":[{"count":0,"href":"https:\/\/cnnbra.com.br\/al\/wp-json\/wp\/v2\/posts\/4858\/revisions"}],"wp:featuredmedia":[{"embeddable":true,"href":"https:\/\/cnnbra.com.br\/al\/wp-json\/wp\/v2\/media\/4857"}],"wp:attachment":[{"href":"https:\/\/cnnbra.com.br\/al\/wp-json\/wp\/v2\/media?parent=4858"}],"wp:term":[{"taxonomy":"category","embeddable":true,"href":"https:\/\/cnnbra.com.br\/al\/wp-json\/wp\/v2\/categories?post=4858"},{"taxonomy":"post_tag","embeddable":true,"href":"https:\/\/cnnbra.com.br\/al\/wp-json\/wp\/v2\/tags?post=4858"}],"curies":[{"name":"wp","href":"https:\/\/api.w.org\/{rel}","templated":true}]}}