{"id":4854,"date":"2026-08-06T20:30:31","date_gmt":"2026-08-06T20:30:31","guid":{"rendered":"https:\/\/cnnbra.com.br\/al\/blog\/2026\/08\/06\/alfredo-gaspar-diz-que-gilmar-mendes-nao-o-aprecia-em-investigacao\/"},"modified":"2026-08-06T20:30:31","modified_gmt":"2026-08-06T20:30:31","slug":"alfredo-gaspar-diz-que-gilmar-mendes-nao-o-aprecia-em-investigacao","status":"publish","type":"post","link":"https:\/\/cnnbra.com.br\/al\/blog\/2026\/08\/06\/alfredo-gaspar-diz-que-gilmar-mendes-nao-o-aprecia-em-investigacao\/","title":{"rendered":"Alfredo Gaspar diz que Gilmar Mendes n\u00e3o o aprecia em investiga\u00e7\u00e3o"},"content":{"rendered":"<p>O deputado federal e candidato a vice-presidente na chapa de Fl\u00e1vio Bolsonaro, Alfredo Gaspar (PL-AL), expressou sua percep\u00e7\u00e3o de que o ministro Gilmar Mendes, do Supremo Tribunal Federal, &#8220;n\u00e3o gosta&#8221; dele. A declara\u00e7\u00e3o foi feita durante uma coletiva em que comentou a demora na investiga\u00e7\u00e3o de uma acusa\u00e7\u00e3o grave de estupro de vulner\u00e1vel, feita por advers\u00e1rios pol\u00edticos.<\/p>\n<p>\\n<\/p>\n<p>Gaspar, que se defende como inocente, reiterou seu desejo por um andamento r\u00e1pido do processo, afirmando que a conclus\u00e3o se faz necess\u00e1ria para preservar sua honra. Ele j\u00e1 realizou um exame de DNA por iniciativa pr\u00f3pria, que est\u00e1 em andamento em Alagoas, com a expectativa de que a verdade prevale\u00e7a.<\/p>\n<p>\\n<\/p>\n<p>A aprova\u00e7\u00e3o desse exame, que visa afastar as suspeitas sobre sua paternidade em rela\u00e7\u00e3o \u00e0 crian\u00e7a mencionada pelos acusadores, segue em an\u00e1lise na Procuradoria-Geral da Rep\u00fablica e no Supremo Tribunal Federal, sob a relatoria de Gilmar Mendes. O deputado, no entanto, busca acelerar a conclus\u00e3o do caso com a ajuda de sua equipe jur\u00eddica.<\/p>\n","protected":false},"excerpt":{"rendered":"<p>O deputado federal e candidato a vice-presidente na chapa de Fl\u00e1vio Bolsonaro, Alfredo Gaspar (PL-AL), expressou sua percep\u00e7\u00e3o de que o ministro Gilmar Mendes, do Supremo Tribunal Federal, &#8220;n\u00e3o gosta&#8221; dele. A declara\u00e7\u00e3o foi feita durante uma coletiva em que comentou a demora na investiga\u00e7\u00e3o de uma acusa\u00e7\u00e3o grave de estupro de vulner\u00e1vel, feita por [&hellip;]<\/p>\n","protected":false},"author":1,"featured_media":4853,"comment_status":"open","ping_status":"open","sticky":false,"template":"","format":"standard","meta":{"fifu_image_url":"","fifu_image_alt":"","footnotes":""},"categories":[11],"tags":[],"class_list":["post-4854","post","type-post","status-publish","format-standard","has-post-thumbnail","hentry","category-alagoas"],"_links":{"self":[{"href":"https:\/\/cnnbra.com.br\/al\/wp-json\/wp\/v2\/posts\/4854","targetHints":{"allow":["GET"]}}],"collection":[{"href":"https:\/\/cnnbra.com.br\/al\/wp-json\/wp\/v2\/posts"}],"about":[{"href":"https:\/\/cnnbra.com.br\/al\/wp-json\/wp\/v2\/types\/post"}],"author":[{"embeddable":true,"href":"https:\/\/cnnbra.com.br\/al\/wp-json\/wp\/v2\/users\/1"}],"replies":[{"embeddable":true,"href":"https:\/\/cnnbra.com.br\/al\/wp-json\/wp\/v2\/comments?post=4854"}],"version-history":[{"count":0,"href":"https:\/\/cnnbra.com.br\/al\/wp-json\/wp\/v2\/posts\/4854\/revisions"}],"wp:featuredmedia":[{"embeddable":true,"href":"https:\/\/cnnbra.com.br\/al\/wp-json\/wp\/v2\/media\/4853"}],"wp:attachment":[{"href":"https:\/\/cnnbra.com.br\/al\/wp-json\/wp\/v2\/media?parent=4854"}],"wp:term":[{"taxonomy":"category","embeddable":true,"href":"https:\/\/cnnbra.com.br\/al\/wp-json\/wp\/v2\/categories?post=4854"},{"taxonomy":"post_tag","embeddable":true,"href":"https:\/\/cnnbra.com.br\/al\/wp-json\/wp\/v2\/tags?post=4854"}],"curies":[{"name":"wp","href":"https:\/\/api.w.org\/{rel}","templated":true}]}}