{"id":4852,"date":"2026-08-06T20:30:08","date_gmt":"2026-08-06T20:30:08","guid":{"rendered":"https:\/\/cnnbra.com.br\/al\/blog\/2026\/08\/06\/natalie-portman-fala-sobre-mudancas-durante-gravidez-confira\/"},"modified":"2026-08-06T20:30:08","modified_gmt":"2026-08-06T20:30:08","slug":"natalie-portman-fala-sobre-mudancas-durante-gravidez-confira","status":"publish","type":"post","link":"https:\/\/cnnbra.com.br\/al\/blog\/2026\/08\/06\/natalie-portman-fala-sobre-mudancas-durante-gravidez-confira\/","title":{"rendered":"Natalie Portman fala sobre mudan\u00e7as durante gravidez; confira"},"content":{"rendered":"<p>Natalie Portman, atriz renomada, trouxe \u00e0 tona alguns detalhes sobre sua terceira gravidez, surpreendendo a muitos com suas revela\u00e7\u00f5es. A artista, que j\u00e1 conquistou o cora\u00e7\u00e3o do p\u00fablico internacional e tamb\u00e9m \u00e9 admirada por muitos em Alagoas, fala sobre as transforma\u00e7\u00f5es que est\u00e1 vivendo nesse per\u00edodo especial.<\/p>\n<p>\\n<\/p>\n<p>A gesta\u00e7\u00e3o trouxe n\u00e3o apenas expectativas, mas tamb\u00e9m mudan\u00e7as significativas na rotina de Portman. Cuidar da sa\u00fade, preparar a fam\u00edlia e lidar com os novos desafios s\u00e3o aspectos que a atriz destacou, refletindo um momento \u00fanico que muitos podem se identificar, especialmente as m\u00e3es alagoanas que vivem a mesma experi\u00eancia.<\/p>\n<p>\\n<\/p>\n<p>Esse tipo de compartilhamento por celebridades pode criar um senso de comunidade e acolhimento entre as fam\u00edlias, mostrando que n\u00e3o est\u00e3o sozinhas em suas jornadas. A identifica\u00e7\u00e3o com figuras p\u00fablicas como Natalie Portman pode ser um ponto de conforto para muitas mulheres que est\u00e3o em sua fase gestacional.<\/p>\n","protected":false},"excerpt":{"rendered":"<p>Natalie Portman, atriz renomada, trouxe \u00e0 tona alguns detalhes sobre sua terceira gravidez, surpreendendo a muitos com suas revela\u00e7\u00f5es. A artista, que j\u00e1 conquistou o cora\u00e7\u00e3o do p\u00fablico internacional e tamb\u00e9m \u00e9 admirada por muitos em Alagoas, fala sobre as transforma\u00e7\u00f5es que est\u00e1 vivendo nesse per\u00edodo especial. \\n A gesta\u00e7\u00e3o trouxe n\u00e3o apenas expectativas, mas [&hellip;]<\/p>\n","protected":false},"author":1,"featured_media":4851,"comment_status":"open","ping_status":"open","sticky":false,"template":"","format":"standard","meta":{"fifu_image_url":"","fifu_image_alt":"","footnotes":""},"categories":[11],"tags":[],"class_list":["post-4852","post","type-post","status-publish","format-standard","has-post-thumbnail","hentry","category-alagoas"],"_links":{"self":[{"href":"https:\/\/cnnbra.com.br\/al\/wp-json\/wp\/v2\/posts\/4852","targetHints":{"allow":["GET"]}}],"collection":[{"href":"https:\/\/cnnbra.com.br\/al\/wp-json\/wp\/v2\/posts"}],"about":[{"href":"https:\/\/cnnbra.com.br\/al\/wp-json\/wp\/v2\/types\/post"}],"author":[{"embeddable":true,"href":"https:\/\/cnnbra.com.br\/al\/wp-json\/wp\/v2\/users\/1"}],"replies":[{"embeddable":true,"href":"https:\/\/cnnbra.com.br\/al\/wp-json\/wp\/v2\/comments?post=4852"}],"version-history":[{"count":0,"href":"https:\/\/cnnbra.com.br\/al\/wp-json\/wp\/v2\/posts\/4852\/revisions"}],"wp:featuredmedia":[{"embeddable":true,"href":"https:\/\/cnnbra.com.br\/al\/wp-json\/wp\/v2\/media\/4851"}],"wp:attachment":[{"href":"https:\/\/cnnbra.com.br\/al\/wp-json\/wp\/v2\/media?parent=4852"}],"wp:term":[{"taxonomy":"category","embeddable":true,"href":"https:\/\/cnnbra.com.br\/al\/wp-json\/wp\/v2\/categories?post=4852"},{"taxonomy":"post_tag","embeddable":true,"href":"https:\/\/cnnbra.com.br\/al\/wp-json\/wp\/v2\/tags?post=4852"}],"curies":[{"name":"wp","href":"https:\/\/api.w.org\/{rel}","templated":true}]}}