{"id":4850,"date":"2026-08-06T20:09:48","date_gmt":"2026-08-06T20:09:48","guid":{"rendered":"https:\/\/cnnbra.com.br\/al\/blog\/2026\/08\/06\/arapiraca-se-destaca-no-ideb-e-avanca-na-qualidade-da-educacao\/"},"modified":"2026-08-06T20:09:48","modified_gmt":"2026-08-06T20:09:48","slug":"arapiraca-se-destaca-no-ideb-e-avanca-na-qualidade-da-educacao","status":"publish","type":"post","link":"https:\/\/cnnbra.com.br\/al\/blog\/2026\/08\/06\/arapiraca-se-destaca-no-ideb-e-avanca-na-qualidade-da-educacao\/","title":{"rendered":"Arapiraca se destaca no Ideb e avan\u00e7a na qualidade da educa\u00e7\u00e3o"},"content":{"rendered":"<p>Nesta quarta-feira (5), o Minist\u00e9rio da Educa\u00e7\u00e3o (MEC) divulgou os resultados de 2025 do \u00cdndice de Desenvolvimento da Educa\u00e7\u00e3o B\u00e1sica (Ideb) do ensino fundamental. Arapiraca surpreendeu com um crescimento significativo, reafirmando seu compromisso em oferecer uma educa\u00e7\u00e3o p\u00fablica de qualidade.<\/p>\n<p>\\n<\/p>\n<p>Nos anos iniciais, do 1\u00ba ao 5\u00ba ano, a cidade registrou um aumento de 0,82 ponto, subindo de 5,50 para 6,32. Isso fez com que Arapiraca avan\u00e7asse da 55\u00aa para a 45\u00aa posi\u00e7\u00e3o no ranking estadual de Alagoas. J\u00e1 nos anos finais, do 6\u00ba ao 9\u00ba ano, o progresso foi semelhante, tamb\u00e9m subindo 0,82 ponto, de 4,70 para 5,52, resultando em um salto de 27 posi\u00e7\u00f5es, do 52\u00ba para o 27\u00ba lugar entre os munic\u00edpios alagoanos.<\/p>\n<p>\\n<\/p>\n<p>A secret\u00e1ria municipal de Educa\u00e7\u00e3o, Ana Val\u00e9ria Peixoto, ressaltou que esses resultados s\u00e3o fruto de um trabalho conjunto, focado no planejamento e na valoriza\u00e7\u00e3o dos profissionais da educa\u00e7\u00e3o. &#8220;Esse avan\u00e7o no Ideb demonstra que estamos no caminho certo. Seguiremos trabalhando para garantir uma aprendizagem significativa e oportunidades para todos os alunos&#8221;, afirmou a secret\u00e1ria em declara\u00e7\u00e3o.<\/p>\n","protected":false},"excerpt":{"rendered":"<p>Nesta quarta-feira (5), o Minist\u00e9rio da Educa\u00e7\u00e3o (MEC) divulgou os resultados de 2025 do \u00cdndice de Desenvolvimento da Educa\u00e7\u00e3o B\u00e1sica (Ideb) do ensino fundamental. Arapiraca surpreendeu com um crescimento significativo, reafirmando seu compromisso em oferecer uma educa\u00e7\u00e3o p\u00fablica de qualidade. \\n Nos anos iniciais, do 1\u00ba ao 5\u00ba ano, a cidade registrou um aumento de [&hellip;]<\/p>\n","protected":false},"author":1,"featured_media":4849,"comment_status":"open","ping_status":"open","sticky":false,"template":"","format":"standard","meta":{"fifu_image_url":"","fifu_image_alt":"","footnotes":""},"categories":[11],"tags":[],"class_list":["post-4850","post","type-post","status-publish","format-standard","has-post-thumbnail","hentry","category-alagoas"],"_links":{"self":[{"href":"https:\/\/cnnbra.com.br\/al\/wp-json\/wp\/v2\/posts\/4850","targetHints":{"allow":["GET"]}}],"collection":[{"href":"https:\/\/cnnbra.com.br\/al\/wp-json\/wp\/v2\/posts"}],"about":[{"href":"https:\/\/cnnbra.com.br\/al\/wp-json\/wp\/v2\/types\/post"}],"author":[{"embeddable":true,"href":"https:\/\/cnnbra.com.br\/al\/wp-json\/wp\/v2\/users\/1"}],"replies":[{"embeddable":true,"href":"https:\/\/cnnbra.com.br\/al\/wp-json\/wp\/v2\/comments?post=4850"}],"version-history":[{"count":0,"href":"https:\/\/cnnbra.com.br\/al\/wp-json\/wp\/v2\/posts\/4850\/revisions"}],"wp:featuredmedia":[{"embeddable":true,"href":"https:\/\/cnnbra.com.br\/al\/wp-json\/wp\/v2\/media\/4849"}],"wp:attachment":[{"href":"https:\/\/cnnbra.com.br\/al\/wp-json\/wp\/v2\/media?parent=4850"}],"wp:term":[{"taxonomy":"category","embeddable":true,"href":"https:\/\/cnnbra.com.br\/al\/wp-json\/wp\/v2\/categories?post=4850"},{"taxonomy":"post_tag","embeddable":true,"href":"https:\/\/cnnbra.com.br\/al\/wp-json\/wp\/v2\/tags?post=4850"}],"curies":[{"name":"wp","href":"https:\/\/api.w.org\/{rel}","templated":true}]}}