{"id":4848,"date":"2026-08-06T20:09:30","date_gmt":"2026-08-06T20:09:30","guid":{"rendered":"https:\/\/cnnbra.com.br\/al\/blog\/2026\/08\/06\/palmeira-dos-indios-avanca-no-ideb-e-reforca-educacao-municipal\/"},"modified":"2026-08-06T20:09:30","modified_gmt":"2026-08-06T20:09:30","slug":"palmeira-dos-indios-avanca-no-ideb-e-reforca-educacao-municipal","status":"publish","type":"post","link":"https:\/\/cnnbra.com.br\/al\/blog\/2026\/08\/06\/palmeira-dos-indios-avanca-no-ideb-e-reforca-educacao-municipal\/","title":{"rendered":"Palmeira dos \u00cdndios avan\u00e7a no Ideb e refor\u00e7a Educa\u00e7\u00e3o municipal"},"content":{"rendered":"<p>Palmeira dos \u00cdndios celebrou mais um progresso na qualidade da educa\u00e7\u00e3o p\u00fablica de seu munic\u00edpio. Os resultados mais recentes do \u00cdndice de Desenvolvimento da Educa\u00e7\u00e3o B\u00e1sica (Ideb) para 2025 apontam uma evolu\u00e7\u00e3o nos anos iniciais e finais do Ensino Fundamental na rede municipal.<\/p>\n<p>\\n<\/p>\n<p>Nos anos iniciais, Palmeira passou de 5,3 em 2021 para 5,7 em 2023, e alcan\u00e7ou 6,1 em 2025. Nos anos finais, o avan\u00e7o tamb\u00e9m \u00e9 not\u00e1vel: saltou de 4,7 em 2021 para 5,1 em 2023, com previs\u00e3o de chegar a 5,4 em 2025.<\/p>\n<p>\\n<\/p>\n<h2>Investimentos e prepara\u00e7\u00e3o para o futuro<\/h2>\n<p>\\n<\/p>\n<p>A secret\u00e1ria municipal de Educa\u00e7\u00e3o, Renilda Pereira, atribui o sucesso ao trabalho cont\u00ednuo da gest\u00e3o da prefeita Tia J\u00falia. \u201cEsse resultado \u00e9 fruto de um trabalho desenvolvido pela gest\u00e3o, com foco na valoriza\u00e7\u00e3o dos profissionais, melhorias nas pr\u00e1ticas pedag\u00f3gicas e na infraestrutura das escolas\u201d, afirmou.<\/p>\n<p>\\n<\/p>\n<p>A prefeita Tia J\u00falia manifestou sua satisfa\u00e7\u00e3o com os resultados e destacou a responsabilidade que vem junto com o progresso. \u201cEstamos no caminho certo e j\u00e1 nos preparamos para o Ideb de 2027, buscando sempre uma educa\u00e7\u00e3o mais qualificada para nossos alunos\u201d, declarou.<\/p>\n","protected":false},"excerpt":{"rendered":"<p>Palmeira dos \u00cdndios celebrou mais um progresso na qualidade da educa\u00e7\u00e3o p\u00fablica de seu munic\u00edpio. Os resultados mais recentes do \u00cdndice de Desenvolvimento da Educa\u00e7\u00e3o B\u00e1sica (Ideb) para 2025 apontam uma evolu\u00e7\u00e3o nos anos iniciais e finais do Ensino Fundamental na rede municipal. \\n Nos anos iniciais, Palmeira passou de 5,3 em 2021 para 5,7 [&hellip;]<\/p>\n","protected":false},"author":1,"featured_media":4847,"comment_status":"open","ping_status":"open","sticky":false,"template":"","format":"standard","meta":{"fifu_image_url":"","fifu_image_alt":"","footnotes":""},"categories":[11],"tags":[],"class_list":["post-4848","post","type-post","status-publish","format-standard","has-post-thumbnail","hentry","category-alagoas"],"_links":{"self":[{"href":"https:\/\/cnnbra.com.br\/al\/wp-json\/wp\/v2\/posts\/4848","targetHints":{"allow":["GET"]}}],"collection":[{"href":"https:\/\/cnnbra.com.br\/al\/wp-json\/wp\/v2\/posts"}],"about":[{"href":"https:\/\/cnnbra.com.br\/al\/wp-json\/wp\/v2\/types\/post"}],"author":[{"embeddable":true,"href":"https:\/\/cnnbra.com.br\/al\/wp-json\/wp\/v2\/users\/1"}],"replies":[{"embeddable":true,"href":"https:\/\/cnnbra.com.br\/al\/wp-json\/wp\/v2\/comments?post=4848"}],"version-history":[{"count":0,"href":"https:\/\/cnnbra.com.br\/al\/wp-json\/wp\/v2\/posts\/4848\/revisions"}],"wp:featuredmedia":[{"embeddable":true,"href":"https:\/\/cnnbra.com.br\/al\/wp-json\/wp\/v2\/media\/4847"}],"wp:attachment":[{"href":"https:\/\/cnnbra.com.br\/al\/wp-json\/wp\/v2\/media?parent=4848"}],"wp:term":[{"taxonomy":"category","embeddable":true,"href":"https:\/\/cnnbra.com.br\/al\/wp-json\/wp\/v2\/categories?post=4848"},{"taxonomy":"post_tag","embeddable":true,"href":"https:\/\/cnnbra.com.br\/al\/wp-json\/wp\/v2\/tags?post=4848"}],"curies":[{"name":"wp","href":"https:\/\/api.w.org\/{rel}","templated":true}]}}