{"id":4844,"date":"2026-08-06T19:10:51","date_gmt":"2026-08-06T19:10:51","guid":{"rendered":"https:\/\/cnnbra.com.br\/al\/blog\/2026\/08\/06\/crisis-migratoria-100-mortos-na-travessia-ate-ceuta\/"},"modified":"2026-08-06T19:10:51","modified_gmt":"2026-08-06T19:10:51","slug":"crisis-migratoria-100-mortos-na-travessia-ate-ceuta","status":"publish","type":"post","link":"https:\/\/cnnbra.com.br\/al\/blog\/2026\/08\/06\/crisis-migratoria-100-mortos-na-travessia-ate-ceuta\/","title":{"rendered":"Crisis migrat\u00f3ria: 100 mortos na travessia at\u00e9 Ceuta"},"content":{"rendered":"<p>O n\u00famero de migrantes mortos na tentativa de cruzar para Ceuta, enclave espanhol na costa africana, chega a 100, segundo informou o l\u00edder da cidade, Juan Jes\u00fas Vivas. Esse tr\u00e1gico dado foi apresentado durante uma reuni\u00e3o do Parlamento Europeu.<\/p>\n<p>\\n<\/p>\n<p>Na semana passada, aproximadamente 72 mil migrantes entraram em Ceuta, com entre 3 a 5 mil ainda presentes no local, enfrentando condi\u00e7\u00f5es de acolhimento prec\u00e1rias. Vivas alertou que os centros est\u00e3o sobrecarregados e em colapso, criando uma emerg\u00eancia humanit\u00e1ria de enormes propor\u00e7\u00f5es.<\/p>\n<p>\\n<\/p>\n<p>A crise em Ceuta ressoa em todo o continente europeu, provocando tens\u00f5es nas pol\u00edticas de imigra\u00e7\u00e3o. A situa\u00e7\u00e3o refor\u00e7a a ret\u00f3rica anti-imigra\u00e7\u00e3o e destaca a necessidade de ponderar sobre os controles nas fronteiras, que devem ser utilizados com cautela, conforme a declara\u00e7\u00e3o do comiss\u00e1rio europeu Magnus Brenner.<\/p>\n","protected":false},"excerpt":{"rendered":"<p>O n\u00famero de migrantes mortos na tentativa de cruzar para Ceuta, enclave espanhol na costa africana, chega a 100, segundo informou o l\u00edder da cidade, Juan Jes\u00fas Vivas. Esse tr\u00e1gico dado foi apresentado durante uma reuni\u00e3o do Parlamento Europeu. \\n Na semana passada, aproximadamente 72 mil migrantes entraram em Ceuta, com entre 3 a 5 [&hellip;]<\/p>\n","protected":false},"author":1,"featured_media":4843,"comment_status":"open","ping_status":"open","sticky":false,"template":"","format":"standard","meta":{"fifu_image_url":"","fifu_image_alt":"","footnotes":""},"categories":[11],"tags":[],"class_list":["post-4844","post","type-post","status-publish","format-standard","has-post-thumbnail","hentry","category-alagoas"],"_links":{"self":[{"href":"https:\/\/cnnbra.com.br\/al\/wp-json\/wp\/v2\/posts\/4844","targetHints":{"allow":["GET"]}}],"collection":[{"href":"https:\/\/cnnbra.com.br\/al\/wp-json\/wp\/v2\/posts"}],"about":[{"href":"https:\/\/cnnbra.com.br\/al\/wp-json\/wp\/v2\/types\/post"}],"author":[{"embeddable":true,"href":"https:\/\/cnnbra.com.br\/al\/wp-json\/wp\/v2\/users\/1"}],"replies":[{"embeddable":true,"href":"https:\/\/cnnbra.com.br\/al\/wp-json\/wp\/v2\/comments?post=4844"}],"version-history":[{"count":0,"href":"https:\/\/cnnbra.com.br\/al\/wp-json\/wp\/v2\/posts\/4844\/revisions"}],"wp:featuredmedia":[{"embeddable":true,"href":"https:\/\/cnnbra.com.br\/al\/wp-json\/wp\/v2\/media\/4843"}],"wp:attachment":[{"href":"https:\/\/cnnbra.com.br\/al\/wp-json\/wp\/v2\/media?parent=4844"}],"wp:term":[{"taxonomy":"category","embeddable":true,"href":"https:\/\/cnnbra.com.br\/al\/wp-json\/wp\/v2\/categories?post=4844"},{"taxonomy":"post_tag","embeddable":true,"href":"https:\/\/cnnbra.com.br\/al\/wp-json\/wp\/v2\/tags?post=4844"}],"curies":[{"name":"wp","href":"https:\/\/api.w.org\/{rel}","templated":true}]}}