{"id":4832,"date":"2026-08-06T18:10:23","date_gmt":"2026-08-06T18:10:23","guid":{"rendered":"https:\/\/cnnbra.com.br\/al\/blog\/2026\/08\/06\/arthur-lira-aborda-valorizacao-da-seguranca-em-alagoas\/"},"modified":"2026-08-06T18:10:23","modified_gmt":"2026-08-06T18:10:23","slug":"arthur-lira-aborda-valorizacao-da-seguranca-em-alagoas","status":"publish","type":"post","link":"https:\/\/cnnbra.com.br\/al\/blog\/2026\/08\/06\/arthur-lira-aborda-valorizacao-da-seguranca-em-alagoas\/","title":{"rendered":"Arthur Lira aborda valoriza\u00e7\u00e3o da seguran\u00e7a em Alagoas"},"content":{"rendered":"<p>O deputado federal e candidato ao Senado, Arthur Lira, participou de uma roda de conversa promovida pela Associa\u00e7\u00e3o dos Oficiais Militares de Alagoas (Assomal) com representantes das for\u00e7as de seguran\u00e7a em Alagoas. O evento ocorreu na quinta-feira (6) e contou com a participa\u00e7\u00e3o de policiais militares, civis, penais, guardas municipais e outras lideran\u00e7as do setor.<\/p>\n<p>\\n<\/p>\n<p>Durante a conversa, Lira recebeu uma carta contendo as principais reivindica\u00e7\u00f5es das categorias, que incluem propostas para a valoriza\u00e7\u00e3o profissional, prote\u00e7\u00e3o social dos militares, sa\u00fade f\u00edsica e mental dos agentes, al\u00e9m do fortalecimento das institui\u00e7\u00f5es que atuam na seguran\u00e7a.<\/p>\n<p>\\n<\/p>\n<p>Embora reconhe\u00e7a os avan\u00e7os na seguran\u00e7a p\u00fablica do estado, Arthur Lira enfatizou que ainda h\u00e1 muito a ser feito e comprometeu-se a ser um defensor das pautas da seguran\u00e7a no Senado. Ele destacou a import\u00e2ncia de pol\u00edticas que ofere\u00e7am melhores sal\u00e1rios, apoio psicol\u00f3gico e uma estrutura adequada para os profissionais.<\/p>\n<p>\\n<\/p>\n<h2>Legisla\u00e7\u00e3o e institucionaliza\u00e7\u00e3o da seguran\u00e7a<\/h2>\n<p>\\n<\/p>\n<p>O candidato tamb\u00e9m defendeu o endurecimento das leis contra o crime organizado e a import\u00e2ncia de investimentos em tecnologia e integra\u00e7\u00e3o das for\u00e7as policiais. Lira refor\u00e7ou que o Estado deve agir com firmeza em rela\u00e7\u00e3o \u00e0 criminalidade, enquanto oferece suporte aos que enfrentam esses desafios diariamente.<\/p>\n<p>\\n<\/p>\n<p>Arthur Lira tem uma forte trajet\u00f3ria de apoio \u00e0s for\u00e7as de seguran\u00e7a, tendo sempre demonstrado compromisso durante seu tempo como deputado federal e como presidente da C\u00e2mara. Ele reafirmou seu compromisso de manter um gabinete voltado para atender as necessidades das categorias de seguran\u00e7a de Alagoas, mantendo portas abertas para di\u00e1logo.<\/p>\n","protected":false},"excerpt":{"rendered":"<p>O deputado federal e candidato ao Senado, Arthur Lira, participou de uma roda de conversa promovida pela Associa\u00e7\u00e3o dos Oficiais Militares de Alagoas (Assomal) com representantes das for\u00e7as de seguran\u00e7a em Alagoas. O evento ocorreu na quinta-feira (6) e contou com a participa\u00e7\u00e3o de policiais militares, civis, penais, guardas municipais e outras lideran\u00e7as do setor. [&hellip;]<\/p>\n","protected":false},"author":1,"featured_media":4831,"comment_status":"open","ping_status":"open","sticky":false,"template":"","format":"standard","meta":{"fifu_image_url":"","fifu_image_alt":"","footnotes":""},"categories":[11],"tags":[],"class_list":["post-4832","post","type-post","status-publish","format-standard","has-post-thumbnail","hentry","category-alagoas"],"_links":{"self":[{"href":"https:\/\/cnnbra.com.br\/al\/wp-json\/wp\/v2\/posts\/4832","targetHints":{"allow":["GET"]}}],"collection":[{"href":"https:\/\/cnnbra.com.br\/al\/wp-json\/wp\/v2\/posts"}],"about":[{"href":"https:\/\/cnnbra.com.br\/al\/wp-json\/wp\/v2\/types\/post"}],"author":[{"embeddable":true,"href":"https:\/\/cnnbra.com.br\/al\/wp-json\/wp\/v2\/users\/1"}],"replies":[{"embeddable":true,"href":"https:\/\/cnnbra.com.br\/al\/wp-json\/wp\/v2\/comments?post=4832"}],"version-history":[{"count":0,"href":"https:\/\/cnnbra.com.br\/al\/wp-json\/wp\/v2\/posts\/4832\/revisions"}],"wp:featuredmedia":[{"embeddable":true,"href":"https:\/\/cnnbra.com.br\/al\/wp-json\/wp\/v2\/media\/4831"}],"wp:attachment":[{"href":"https:\/\/cnnbra.com.br\/al\/wp-json\/wp\/v2\/media?parent=4832"}],"wp:term":[{"taxonomy":"category","embeddable":true,"href":"https:\/\/cnnbra.com.br\/al\/wp-json\/wp\/v2\/categories?post=4832"},{"taxonomy":"post_tag","embeddable":true,"href":"https:\/\/cnnbra.com.br\/al\/wp-json\/wp\/v2\/tags?post=4832"}],"curies":[{"name":"wp","href":"https:\/\/api.w.org\/{rel}","templated":true}]}}