{"id":4830,"date":"2026-08-06T18:10:02","date_gmt":"2026-08-06T18:10:02","guid":{"rendered":"https:\/\/cnnbra.com.br\/al\/blog\/2026\/08\/06\/ufal-abre-140-vagas-em-curso-de-libras-no-campus-a-c-simoes\/"},"modified":"2026-08-06T18:10:02","modified_gmt":"2026-08-06T18:10:02","slug":"ufal-abre-140-vagas-em-curso-de-libras-no-campus-a-c-simoes","status":"publish","type":"post","link":"https:\/\/cnnbra.com.br\/al\/blog\/2026\/08\/06\/ufal-abre-140-vagas-em-curso-de-libras-no-campus-a-c-simoes\/","title":{"rendered":"Ufal abre 140 vagas em curso de Libras no Campus A.C. Sim\u00f5es"},"content":{"rendered":"<p>A Universidade Federal de Alagoas (Ufal) anuncia a abertura de 140 vagas no curso presencial de Libras, promovido pela Pr\u00f3-reitoria de Extens\u00e3o (Proexc) e pela Faculdade de Letras (Fale). As inscri\u00e7\u00f5es v\u00e3o at\u00e9 o dia 17 de agosto e s\u00e3o direcionadas a estudantes regularmente matriculados no semestre 2026.2.<\/p>\n<p>\\n<\/p>\n<p>O curso oferece turmas em v\u00e1rios n\u00edveis, do b\u00e1sico ao avan\u00e7ado, com in\u00edcio previsto para 27 de agosto. As aulas acontecer\u00e3o duas vezes por semana, com dura\u00e7\u00e3o de 100 minutos cada encontro, totalizando uma carga hor\u00e1ria de 40 horas durante o semestre.<\/p>\n<p>\\n<\/p>\n<p>Importante destacar que um teste de nivelamento ser\u00e1 realizado para os candidatos das turmas de N\u00edvel II, Intermedi\u00e1rio e Avan\u00e7ado no dia 21 de agosto, das 14h \u00e0s 16h, no bloco do curso de Letras-Libras. O resultado ser\u00e1 comunicado via e-mail at\u00e9 o dia 23 de agosto.<\/p>\n","protected":false},"excerpt":{"rendered":"<p>A Universidade Federal de Alagoas (Ufal) anuncia a abertura de 140 vagas no curso presencial de Libras, promovido pela Pr\u00f3-reitoria de Extens\u00e3o (Proexc) e pela Faculdade de Letras (Fale). As inscri\u00e7\u00f5es v\u00e3o at\u00e9 o dia 17 de agosto e s\u00e3o direcionadas a estudantes regularmente matriculados no semestre 2026.2. \\n O curso oferece turmas em v\u00e1rios [&hellip;]<\/p>\n","protected":false},"author":1,"featured_media":4829,"comment_status":"open","ping_status":"open","sticky":false,"template":"","format":"standard","meta":{"fifu_image_url":"","fifu_image_alt":"","footnotes":""},"categories":[11],"tags":[],"class_list":["post-4830","post","type-post","status-publish","format-standard","has-post-thumbnail","hentry","category-alagoas"],"_links":{"self":[{"href":"https:\/\/cnnbra.com.br\/al\/wp-json\/wp\/v2\/posts\/4830","targetHints":{"allow":["GET"]}}],"collection":[{"href":"https:\/\/cnnbra.com.br\/al\/wp-json\/wp\/v2\/posts"}],"about":[{"href":"https:\/\/cnnbra.com.br\/al\/wp-json\/wp\/v2\/types\/post"}],"author":[{"embeddable":true,"href":"https:\/\/cnnbra.com.br\/al\/wp-json\/wp\/v2\/users\/1"}],"replies":[{"embeddable":true,"href":"https:\/\/cnnbra.com.br\/al\/wp-json\/wp\/v2\/comments?post=4830"}],"version-history":[{"count":0,"href":"https:\/\/cnnbra.com.br\/al\/wp-json\/wp\/v2\/posts\/4830\/revisions"}],"wp:featuredmedia":[{"embeddable":true,"href":"https:\/\/cnnbra.com.br\/al\/wp-json\/wp\/v2\/media\/4829"}],"wp:attachment":[{"href":"https:\/\/cnnbra.com.br\/al\/wp-json\/wp\/v2\/media?parent=4830"}],"wp:term":[{"taxonomy":"category","embeddable":true,"href":"https:\/\/cnnbra.com.br\/al\/wp-json\/wp\/v2\/categories?post=4830"},{"taxonomy":"post_tag","embeddable":true,"href":"https:\/\/cnnbra.com.br\/al\/wp-json\/wp\/v2\/tags?post=4830"}],"curies":[{"name":"wp","href":"https:\/\/api.w.org\/{rel}","templated":true}]}}