{"id":4812,"date":"2026-08-06T16:09:52","date_gmt":"2026-08-06T16:09:52","guid":{"rendered":"https:\/\/cnnbra.com.br\/al\/blog\/2026\/08\/06\/federacao-psol-rede-apoia-reeleicao-de-lula-em-alagoas\/"},"modified":"2026-08-06T16:09:52","modified_gmt":"2026-08-06T16:09:52","slug":"federacao-psol-rede-apoia-reeleicao-de-lula-em-alagoas","status":"publish","type":"post","link":"https:\/\/cnnbra.com.br\/al\/blog\/2026\/08\/06\/federacao-psol-rede-apoia-reeleicao-de-lula-em-alagoas\/","title":{"rendered":"Federa\u00e7\u00e3o PSOL-Rede apoia reelei\u00e7\u00e3o de Lula em Alagoas"},"content":{"rendered":"<p>A Federa\u00e7\u00e3o PSOL-Rede Sustentabilidade formalizou seu apoio \u00e0 candidatura de Luiz In\u00e1cio Lula da Silva (PT) \u00e0 presid\u00eancia da Rep\u00fablica. A conven\u00e7\u00e3o nacional ocorreu nesta quinta-feira (5) e refor\u00e7ou a alian\u00e7a dos partidos com o ex-presidente.<\/p>\n<p>\\n<\/p>\n<p>Al\u00e9m da conven\u00e7\u00e3o do \u00faltimo fim de semana, em que j\u00e1 havia ind\u00edcios desse apoio, a federa\u00e7\u00e3o utilizou suas redes sociais para confirmar a participa\u00e7\u00e3o na coliga\u00e7\u00e3o e fazer um apelo \u00e0 mobiliza\u00e7\u00e3o em prol da reelei\u00e7\u00e3o de Lula.<\/p>\n<p>\\n<\/p>\n<h2>Impacto no cen\u00e1rio pol\u00edtico alagoano<\/h2>\n<p>\\n<\/p>\n<p>Essa alian\u00e7a pode ter repercuss\u00f5es significativas nas elei\u00e7\u00f5es em Alagoas, refletindo a inten\u00e7\u00e3o de derrotar a extrema-direita e promover a defesa da democracia. As promessas de um Brasil mais justo t\u00eam ecoado entre os eleitores, que buscam alternativas para os desafios atuais.<\/p>\n","protected":false},"excerpt":{"rendered":"<p>A Federa\u00e7\u00e3o PSOL-Rede Sustentabilidade formalizou seu apoio \u00e0 candidatura de Luiz In\u00e1cio Lula da Silva (PT) \u00e0 presid\u00eancia da Rep\u00fablica. A conven\u00e7\u00e3o nacional ocorreu nesta quinta-feira (5) e refor\u00e7ou a alian\u00e7a dos partidos com o ex-presidente. \\n Al\u00e9m da conven\u00e7\u00e3o do \u00faltimo fim de semana, em que j\u00e1 havia ind\u00edcios desse apoio, a federa\u00e7\u00e3o utilizou [&hellip;]<\/p>\n","protected":false},"author":1,"featured_media":4811,"comment_status":"open","ping_status":"open","sticky":false,"template":"","format":"standard","meta":{"fifu_image_url":"","fifu_image_alt":"","footnotes":""},"categories":[11],"tags":[],"class_list":["post-4812","post","type-post","status-publish","format-standard","has-post-thumbnail","hentry","category-alagoas"],"_links":{"self":[{"href":"https:\/\/cnnbra.com.br\/al\/wp-json\/wp\/v2\/posts\/4812","targetHints":{"allow":["GET"]}}],"collection":[{"href":"https:\/\/cnnbra.com.br\/al\/wp-json\/wp\/v2\/posts"}],"about":[{"href":"https:\/\/cnnbra.com.br\/al\/wp-json\/wp\/v2\/types\/post"}],"author":[{"embeddable":true,"href":"https:\/\/cnnbra.com.br\/al\/wp-json\/wp\/v2\/users\/1"}],"replies":[{"embeddable":true,"href":"https:\/\/cnnbra.com.br\/al\/wp-json\/wp\/v2\/comments?post=4812"}],"version-history":[{"count":0,"href":"https:\/\/cnnbra.com.br\/al\/wp-json\/wp\/v2\/posts\/4812\/revisions"}],"wp:featuredmedia":[{"embeddable":true,"href":"https:\/\/cnnbra.com.br\/al\/wp-json\/wp\/v2\/media\/4811"}],"wp:attachment":[{"href":"https:\/\/cnnbra.com.br\/al\/wp-json\/wp\/v2\/media?parent=4812"}],"wp:term":[{"taxonomy":"category","embeddable":true,"href":"https:\/\/cnnbra.com.br\/al\/wp-json\/wp\/v2\/categories?post=4812"},{"taxonomy":"post_tag","embeddable":true,"href":"https:\/\/cnnbra.com.br\/al\/wp-json\/wp\/v2\/tags?post=4812"}],"curies":[{"name":"wp","href":"https:\/\/api.w.org\/{rel}","templated":true}]}}