{"id":4808,"date":"2026-08-06T14:51:18","date_gmt":"2026-08-06T14:51:18","guid":{"rendered":"https:\/\/cnnbra.com.br\/al\/blog\/2026\/08\/06\/moraes-afirma-que-isencao-para-autistas-nao-afeta-industria-em-al\/"},"modified":"2026-08-06T14:51:18","modified_gmt":"2026-08-06T14:51:18","slug":"moraes-afirma-que-isencao-para-autistas-nao-afeta-industria-em-al","status":"publish","type":"post","link":"https:\/\/cnnbra.com.br\/al\/blog\/2026\/08\/06\/moraes-afirma-que-isencao-para-autistas-nao-afeta-industria-em-al\/","title":{"rendered":"Moraes afirma que isen\u00e7\u00e3o para autistas n\u00e3o afeta ind\u00fastria em AL"},"content":{"rendered":"<p>O ministro Alexandre de Moraes, do Supremo Tribunal Federal, se pronunciou sobre a isen\u00e7\u00e3o de impostos para a compra de ve\u00edculos por pessoas com autismo. Durante uma manifesta\u00e7\u00e3o no dia 3 de agosto, Moraes afirmou que essa medida n\u00e3o prejudica a ind\u00fastria automobil\u00edstica brasileira, principalmente em um contexto onde muitas fam\u00edlias em Alagoas se beneficiam dessa pol\u00edtica.<\/p>\n<p>\\n<\/p>\n<p>A discuss\u00e3o \u00e9 relevante, especialmente para os residentes de Macei\u00f3, Arapiraca e cidades com uma significativa popula\u00e7\u00e3o autista, onde a compra de um ve\u00edculo adaptado pode representar uma melhoria na qualidade de vida. A isen\u00e7\u00e3o de impostos facilita o acesso dos autistas \u00e0 mobilidade e \u00e0 autonomia.<\/p>\n<p>\\n<\/p>\n<p>No entanto, o tema tamb\u00e9m gera debate sobre o equil\u00edbrio entre as necessidades sociais e as demandas econ\u00f4micas das ind\u00fastrias. \u00c9 importante que a popula\u00e7\u00e3o alagoana siga atenta a essas quest\u00f5es, pois o impacto pode ser sentido tanto nas ruas quanto nas concession\u00e1rias locais.<\/p>\n","protected":false},"excerpt":{"rendered":"<p>O ministro Alexandre de Moraes, do Supremo Tribunal Federal, se pronunciou sobre a isen\u00e7\u00e3o de impostos para a compra de ve\u00edculos por pessoas com autismo. Durante uma manifesta\u00e7\u00e3o no dia 3 de agosto, Moraes afirmou que essa medida n\u00e3o prejudica a ind\u00fastria automobil\u00edstica brasileira, principalmente em um contexto onde muitas fam\u00edlias em Alagoas se beneficiam [&hellip;]<\/p>\n","protected":false},"author":1,"featured_media":4807,"comment_status":"open","ping_status":"open","sticky":false,"template":"","format":"standard","meta":{"fifu_image_url":"","fifu_image_alt":"","footnotes":""},"categories":[11],"tags":[],"class_list":["post-4808","post","type-post","status-publish","format-standard","has-post-thumbnail","hentry","category-alagoas"],"_links":{"self":[{"href":"https:\/\/cnnbra.com.br\/al\/wp-json\/wp\/v2\/posts\/4808","targetHints":{"allow":["GET"]}}],"collection":[{"href":"https:\/\/cnnbra.com.br\/al\/wp-json\/wp\/v2\/posts"}],"about":[{"href":"https:\/\/cnnbra.com.br\/al\/wp-json\/wp\/v2\/types\/post"}],"author":[{"embeddable":true,"href":"https:\/\/cnnbra.com.br\/al\/wp-json\/wp\/v2\/users\/1"}],"replies":[{"embeddable":true,"href":"https:\/\/cnnbra.com.br\/al\/wp-json\/wp\/v2\/comments?post=4808"}],"version-history":[{"count":0,"href":"https:\/\/cnnbra.com.br\/al\/wp-json\/wp\/v2\/posts\/4808\/revisions"}],"wp:featuredmedia":[{"embeddable":true,"href":"https:\/\/cnnbra.com.br\/al\/wp-json\/wp\/v2\/media\/4807"}],"wp:attachment":[{"href":"https:\/\/cnnbra.com.br\/al\/wp-json\/wp\/v2\/media?parent=4808"}],"wp:term":[{"taxonomy":"category","embeddable":true,"href":"https:\/\/cnnbra.com.br\/al\/wp-json\/wp\/v2\/categories?post=4808"},{"taxonomy":"post_tag","embeddable":true,"href":"https:\/\/cnnbra.com.br\/al\/wp-json\/wp\/v2\/tags?post=4808"}],"curies":[{"name":"wp","href":"https:\/\/api.w.org\/{rel}","templated":true}]}}