{"id":4804,"date":"2026-08-06T14:50:49","date_gmt":"2026-08-06T14:50:49","guid":{"rendered":"https:\/\/cnnbra.com.br\/al\/blog\/2026\/08\/06\/wagner-moura-revela-motivos-para-nao-atuar-mais-em-novelas\/"},"modified":"2026-08-06T14:50:49","modified_gmt":"2026-08-06T14:50:49","slug":"wagner-moura-revela-motivos-para-nao-atuar-mais-em-novelas","status":"publish","type":"post","link":"https:\/\/cnnbra.com.br\/al\/blog\/2026\/08\/06\/wagner-moura-revela-motivos-para-nao-atuar-mais-em-novelas\/","title":{"rendered":"Wagner Moura revela motivos para n\u00e3o atuar mais em novelas"},"content":{"rendered":"<p>Wagner Moura, o reconhecido ator alagoano, explica em entrevista os motivos que o levaram a n\u00e3o participar mais de novelas desde &#8220;Para\u00edso Tropical&#8221; em 2007. A sua trajet\u00f3ria na televis\u00e3o brasileira foi marcada por pap\u00e9is ic\u00f4nicos, mas Moura decidiu focar em projetos de maior profundidade e desafios art\u00edsticos.<\/p>\n<p>\\n<\/p>\n<p>Durante o bate-papo, ele destacou a import\u00e2ncia de escolher trabalhos que realmente o motivem. Essa mudan\u00e7a reflete uma nova fase em sua carreira, onde o ator busca explorar diferentes vertentes, longe dos holofotes das novelas.<\/p>\n<p>\\n<\/p>\n<p>Para os f\u00e3s de Macei\u00f3 e do interior, a trajet\u00f3ria de Moura \u00e9 um exemplo de como seguir a paix\u00e3o pode levar a novos caminhos. Ele continua ativo no cinema e em produ\u00e7\u00f5es seriadas, contribuindo para a cultura alagoana.<\/p>\n","protected":false},"excerpt":{"rendered":"<p>Wagner Moura, o reconhecido ator alagoano, explica em entrevista os motivos que o levaram a n\u00e3o participar mais de novelas desde &#8220;Para\u00edso Tropical&#8221; em 2007. A sua trajet\u00f3ria na televis\u00e3o brasileira foi marcada por pap\u00e9is ic\u00f4nicos, mas Moura decidiu focar em projetos de maior profundidade e desafios art\u00edsticos. \\n Durante o bate-papo, ele destacou a [&hellip;]<\/p>\n","protected":false},"author":1,"featured_media":4803,"comment_status":"open","ping_status":"open","sticky":false,"template":"","format":"standard","meta":{"fifu_image_url":"","fifu_image_alt":"","footnotes":""},"categories":[11],"tags":[],"class_list":["post-4804","post","type-post","status-publish","format-standard","has-post-thumbnail","hentry","category-alagoas"],"_links":{"self":[{"href":"https:\/\/cnnbra.com.br\/al\/wp-json\/wp\/v2\/posts\/4804","targetHints":{"allow":["GET"]}}],"collection":[{"href":"https:\/\/cnnbra.com.br\/al\/wp-json\/wp\/v2\/posts"}],"about":[{"href":"https:\/\/cnnbra.com.br\/al\/wp-json\/wp\/v2\/types\/post"}],"author":[{"embeddable":true,"href":"https:\/\/cnnbra.com.br\/al\/wp-json\/wp\/v2\/users\/1"}],"replies":[{"embeddable":true,"href":"https:\/\/cnnbra.com.br\/al\/wp-json\/wp\/v2\/comments?post=4804"}],"version-history":[{"count":0,"href":"https:\/\/cnnbra.com.br\/al\/wp-json\/wp\/v2\/posts\/4804\/revisions"}],"wp:featuredmedia":[{"embeddable":true,"href":"https:\/\/cnnbra.com.br\/al\/wp-json\/wp\/v2\/media\/4803"}],"wp:attachment":[{"href":"https:\/\/cnnbra.com.br\/al\/wp-json\/wp\/v2\/media?parent=4804"}],"wp:term":[{"taxonomy":"category","embeddable":true,"href":"https:\/\/cnnbra.com.br\/al\/wp-json\/wp\/v2\/categories?post=4804"},{"taxonomy":"post_tag","embeddable":true,"href":"https:\/\/cnnbra.com.br\/al\/wp-json\/wp\/v2\/tags?post=4804"}],"curies":[{"name":"wp","href":"https:\/\/api.w.org\/{rel}","templated":true}]}}