{"id":4798,"date":"2026-08-06T14:50:07","date_gmt":"2026-08-06T14:50:07","guid":{"rendered":"https:\/\/cnnbra.com.br\/al\/blog\/2026\/08\/06\/modi-usa-instagram-para-atrair-jovens-eleitores-apos-protesto\/"},"modified":"2026-08-06T14:50:07","modified_gmt":"2026-08-06T14:50:07","slug":"modi-usa-instagram-para-atrair-jovens-eleitores-apos-protesto","status":"publish","type":"post","link":"https:\/\/cnnbra.com.br\/al\/blog\/2026\/08\/06\/modi-usa-instagram-para-atrair-jovens-eleitores-apos-protesto\/","title":{"rendered":"Modi usa Instagram para atrair jovens eleitores ap\u00f3s protesto"},"content":{"rendered":"<p>O Primeiro-Ministro da \u00cdndia, Narendra Modi, est\u00e1 adaptando sua estrat\u00e9gia de comunica\u00e7\u00e3o para se conectar com a Gera\u00e7\u00e3o Z, especialmente ap\u00f3s recentes protestos em diversas cidades. Ele voltou suas aten\u00e7\u00f5es para o Instagram, uma plataforma preferida entre os jovens, na esperan\u00e7a de conquistar o apoio dessa faixa et\u00e1ria.<\/p>\n<p>\\n<\/p>\n<p>Em meio a um cen\u00e1rio de mobiliza\u00e7\u00e3o social e pol\u00edtica, Modi busca interagir de forma mais direta e moderna, usando recursos visuais e mensagens que ressoem com as preocupa\u00e7\u00f5es dos jovens. Os desafios enfrentados pelo pa\u00eds, incluindo quest\u00f5es como o desemprego e a educa\u00e7\u00e3o, s\u00e3o temas centrais que ele pretende abordar.<\/p>\n<p>\\n<\/p>\n<p>A adapta\u00e7\u00e3o \u00e0s novas tecnologias e plataformas sociais \u00e9 crucial n\u00e3o apenas para Modi, mas para l\u00edderes globais, especialmente em um mundo cada vez mais conectado. Resta saber como essa abordagem impactar\u00e1 as elei\u00e7\u00f5es e a participa\u00e7\u00e3o dos jovens no processo democr\u00e1tico na \u00cdndia.<\/p>\n","protected":false},"excerpt":{"rendered":"<p>O Primeiro-Ministro da \u00cdndia, Narendra Modi, est\u00e1 adaptando sua estrat\u00e9gia de comunica\u00e7\u00e3o para se conectar com a Gera\u00e7\u00e3o Z, especialmente ap\u00f3s recentes protestos em diversas cidades. Ele voltou suas aten\u00e7\u00f5es para o Instagram, uma plataforma preferida entre os jovens, na esperan\u00e7a de conquistar o apoio dessa faixa et\u00e1ria. \\n Em meio a um cen\u00e1rio de [&hellip;]<\/p>\n","protected":false},"author":1,"featured_media":4797,"comment_status":"open","ping_status":"open","sticky":false,"template":"","format":"standard","meta":{"fifu_image_url":"","fifu_image_alt":"","footnotes":""},"categories":[11],"tags":[],"class_list":["post-4798","post","type-post","status-publish","format-standard","has-post-thumbnail","hentry","category-alagoas"],"_links":{"self":[{"href":"https:\/\/cnnbra.com.br\/al\/wp-json\/wp\/v2\/posts\/4798","targetHints":{"allow":["GET"]}}],"collection":[{"href":"https:\/\/cnnbra.com.br\/al\/wp-json\/wp\/v2\/posts"}],"about":[{"href":"https:\/\/cnnbra.com.br\/al\/wp-json\/wp\/v2\/types\/post"}],"author":[{"embeddable":true,"href":"https:\/\/cnnbra.com.br\/al\/wp-json\/wp\/v2\/users\/1"}],"replies":[{"embeddable":true,"href":"https:\/\/cnnbra.com.br\/al\/wp-json\/wp\/v2\/comments?post=4798"}],"version-history":[{"count":0,"href":"https:\/\/cnnbra.com.br\/al\/wp-json\/wp\/v2\/posts\/4798\/revisions"}],"wp:featuredmedia":[{"embeddable":true,"href":"https:\/\/cnnbra.com.br\/al\/wp-json\/wp\/v2\/media\/4797"}],"wp:attachment":[{"href":"https:\/\/cnnbra.com.br\/al\/wp-json\/wp\/v2\/media?parent=4798"}],"wp:term":[{"taxonomy":"category","embeddable":true,"href":"https:\/\/cnnbra.com.br\/al\/wp-json\/wp\/v2\/categories?post=4798"},{"taxonomy":"post_tag","embeddable":true,"href":"https:\/\/cnnbra.com.br\/al\/wp-json\/wp\/v2\/tags?post=4798"}],"curies":[{"name":"wp","href":"https:\/\/api.w.org\/{rel}","templated":true}]}}