{"id":4794,"date":"2026-08-06T14:49:30","date_gmt":"2026-08-06T14:49:30","guid":{"rendered":"https:\/\/cnnbra.com.br\/al\/blog\/2026\/08\/06\/copom-corta-selic-e-destaca-incertezas-para-o-mercado-alagoano\/"},"modified":"2026-08-06T14:49:30","modified_gmt":"2026-08-06T14:49:30","slug":"copom-corta-selic-e-destaca-incertezas-para-o-mercado-alagoano","status":"publish","type":"post","link":"https:\/\/cnnbra.com.br\/al\/blog\/2026\/08\/06\/copom-corta-selic-e-destaca-incertezas-para-o-mercado-alagoano\/","title":{"rendered":"Copom corta Selic e destaca incertezas para o mercado alagoano"},"content":{"rendered":"<p>Nesta quinta-feira (6), os investidores de Alagoas est\u00e3o atentos \u00e0 decis\u00e3o do Comit\u00ea de Pol\u00edtica Monet\u00e1ria (Copom), que reduziu a taxa Selic em 0,25 ponto percentual, agora em 14% ao ano. O corte j\u00e1 era esperado, mas as orienta\u00e7\u00f5es futuras do Banco Central permanecem indefinidas. A expectativa \u00e9 que fatores como os pre\u00e7os do petr\u00f3leo e a infla\u00e7\u00e3o influenciem as pr\u00f3ximas decis\u00f5es.<\/p>\n<p>\\n<\/p>\n<p>No cen\u00e1rio nacional, o mercado tamb\u00e9m acompanha as repercuss\u00f5es sobre a balan\u00e7a comercial e os resultados financeiros de empresas nas pr\u00f3ximas semanas, com destaque para a Petrobras. O aumento da produ\u00e7\u00e3o e a alta no pre\u00e7o do petr\u00f3leo s\u00e3o vistos como importantes indicadores para os resultados da estatal, que podem refletir tamb\u00e9m na economia local.<\/p>\n<p>\\n<\/p>\n<p>Al\u00e9m disso, hoje o cen\u00e1rio internacional se destaca, com o Ministro da Fazenda, Dario Durigan, agendado para uma entrevista \u00e0s 10h e outras importantes reuni\u00f5es do Executivo federal que podem impactar as rela\u00e7\u00f5es econ\u00f4micas no Brasil e, por consequ\u00eancia, em Alagoas.<\/p>\n","protected":false},"excerpt":{"rendered":"<p>Nesta quinta-feira (6), os investidores de Alagoas est\u00e3o atentos \u00e0 decis\u00e3o do Comit\u00ea de Pol\u00edtica Monet\u00e1ria (Copom), que reduziu a taxa Selic em 0,25 ponto percentual, agora em 14% ao ano. O corte j\u00e1 era esperado, mas as orienta\u00e7\u00f5es futuras do Banco Central permanecem indefinidas. A expectativa \u00e9 que fatores como os pre\u00e7os do petr\u00f3leo [&hellip;]<\/p>\n","protected":false},"author":1,"featured_media":4793,"comment_status":"open","ping_status":"open","sticky":false,"template":"","format":"standard","meta":{"fifu_image_url":"","fifu_image_alt":"","footnotes":""},"categories":[11],"tags":[],"class_list":["post-4794","post","type-post","status-publish","format-standard","has-post-thumbnail","hentry","category-alagoas"],"_links":{"self":[{"href":"https:\/\/cnnbra.com.br\/al\/wp-json\/wp\/v2\/posts\/4794","targetHints":{"allow":["GET"]}}],"collection":[{"href":"https:\/\/cnnbra.com.br\/al\/wp-json\/wp\/v2\/posts"}],"about":[{"href":"https:\/\/cnnbra.com.br\/al\/wp-json\/wp\/v2\/types\/post"}],"author":[{"embeddable":true,"href":"https:\/\/cnnbra.com.br\/al\/wp-json\/wp\/v2\/users\/1"}],"replies":[{"embeddable":true,"href":"https:\/\/cnnbra.com.br\/al\/wp-json\/wp\/v2\/comments?post=4794"}],"version-history":[{"count":0,"href":"https:\/\/cnnbra.com.br\/al\/wp-json\/wp\/v2\/posts\/4794\/revisions"}],"wp:featuredmedia":[{"embeddable":true,"href":"https:\/\/cnnbra.com.br\/al\/wp-json\/wp\/v2\/media\/4793"}],"wp:attachment":[{"href":"https:\/\/cnnbra.com.br\/al\/wp-json\/wp\/v2\/media?parent=4794"}],"wp:term":[{"taxonomy":"category","embeddable":true,"href":"https:\/\/cnnbra.com.br\/al\/wp-json\/wp\/v2\/categories?post=4794"},{"taxonomy":"post_tag","embeddable":true,"href":"https:\/\/cnnbra.com.br\/al\/wp-json\/wp\/v2\/tags?post=4794"}],"curies":[{"name":"wp","href":"https:\/\/api.w.org\/{rel}","templated":true}]}}