{"id":4772,"date":"2026-08-06T14:31:18","date_gmt":"2026-08-06T14:31:18","guid":{"rendered":"https:\/\/cnnbra.com.br\/al\/blog\/2026\/08\/06\/crise-na-campanha-de-lula-com-saida-de-assessor-proximo\/"},"modified":"2026-08-06T14:31:18","modified_gmt":"2026-08-06T14:31:18","slug":"crise-na-campanha-de-lula-com-saida-de-assessor-proximo","status":"publish","type":"post","link":"https:\/\/cnnbra.com.br\/al\/blog\/2026\/08\/06\/crise-na-campanha-de-lula-com-saida-de-assessor-proximo\/","title":{"rendered":"Crise na campanha de Lula com sa\u00edda de assessor pr\u00f3ximo"},"content":{"rendered":"<p>A recente sa\u00edda de Marco Aur\u00e9lio Santana Ribeiro, conhecido como Marcola, da equipe de campanha \u00e0 reelei\u00e7\u00e3o do presidente Lula, acendeu um alerta para os alagoanos. O ex-chefe de gabinete se desligou ap\u00f3s revela\u00e7\u00f5es sobre investiga\u00e7\u00f5es da Pol\u00edcia Federal relacionadas a pagamentos recebidos de Roberta Luchsinger, uma empres\u00e1ria acusada de atuar como lobista.<br \/>\nO impacto dessa decis\u00e3o, conforme analisado pelo colunista Robson Bonin durante o programa VEJA em Foco, \u00e9 significativo. Marcola ocupava uma posi\u00e7\u00e3o estrat\u00e9gica no governo, respons\u00e1vel por gerenciar a rotina e os acessos do presidente, o que torna sua sa\u00edda ainda mais preocupante em um momento delicado para a campanha do PT.<br \/>\nAl\u00e9m disso, a situa\u00e7\u00e3o \u00e9 amplificada pelo fato de Marcola alegar que o dinheiro recebido de Luchsinger foi um empr\u00e9stimo para despesas pessoais. Essa explica\u00e7\u00e3o, no entanto, n\u00e3o diminui a urg\u00eancia do caso, especialmente considerando a natureza das investiga\u00e7\u00f5es em curso. A expectativa \u00e9 que novos desdobramentos possam ocorrer, refletindo um cen\u00e1rio de incerteza que pode afetar a imagem do governo em Alagoas e em todo o Brasil.<\/p>\n","protected":false},"excerpt":{"rendered":"<p>A recente sa\u00edda de Marco Aur\u00e9lio Santana Ribeiro, conhecido como Marcola, da equipe de campanha \u00e0 reelei\u00e7\u00e3o do presidente Lula, acendeu um alerta para os alagoanos. O ex-chefe de gabinete se desligou ap\u00f3s revela\u00e7\u00f5es sobre investiga\u00e7\u00f5es da Pol\u00edcia Federal relacionadas a pagamentos recebidos de Roberta Luchsinger, uma empres\u00e1ria acusada de atuar como lobista. O impacto [&hellip;]<\/p>\n","protected":false},"author":1,"featured_media":4771,"comment_status":"open","ping_status":"open","sticky":false,"template":"","format":"standard","meta":{"fifu_image_url":"","fifu_image_alt":"","footnotes":""},"categories":[11],"tags":[],"class_list":["post-4772","post","type-post","status-publish","format-standard","has-post-thumbnail","hentry","category-alagoas"],"_links":{"self":[{"href":"https:\/\/cnnbra.com.br\/al\/wp-json\/wp\/v2\/posts\/4772","targetHints":{"allow":["GET"]}}],"collection":[{"href":"https:\/\/cnnbra.com.br\/al\/wp-json\/wp\/v2\/posts"}],"about":[{"href":"https:\/\/cnnbra.com.br\/al\/wp-json\/wp\/v2\/types\/post"}],"author":[{"embeddable":true,"href":"https:\/\/cnnbra.com.br\/al\/wp-json\/wp\/v2\/users\/1"}],"replies":[{"embeddable":true,"href":"https:\/\/cnnbra.com.br\/al\/wp-json\/wp\/v2\/comments?post=4772"}],"version-history":[{"count":0,"href":"https:\/\/cnnbra.com.br\/al\/wp-json\/wp\/v2\/posts\/4772\/revisions"}],"wp:featuredmedia":[{"embeddable":true,"href":"https:\/\/cnnbra.com.br\/al\/wp-json\/wp\/v2\/media\/4771"}],"wp:attachment":[{"href":"https:\/\/cnnbra.com.br\/al\/wp-json\/wp\/v2\/media?parent=4772"}],"wp:term":[{"taxonomy":"category","embeddable":true,"href":"https:\/\/cnnbra.com.br\/al\/wp-json\/wp\/v2\/categories?post=4772"},{"taxonomy":"post_tag","embeddable":true,"href":"https:\/\/cnnbra.com.br\/al\/wp-json\/wp\/v2\/tags?post=4772"}],"curies":[{"name":"wp","href":"https:\/\/api.w.org\/{rel}","templated":true}]}}