{"id":4384,"date":"2026-07-16T21:09:20","date_gmt":"2026-07-16T21:09:20","guid":{"rendered":"https:\/\/cnnbra.com.br\/al\/blog\/2026\/07\/16\/brasil-convoca-equipe-de-ginastica-ritmica-para-mundial\/"},"modified":"2026-07-16T21:09:20","modified_gmt":"2026-07-16T21:09:20","slug":"brasil-convoca-equipe-de-ginastica-ritmica-para-mundial","status":"publish","type":"post","link":"https:\/\/cnnbra.com.br\/al\/blog\/2026\/07\/16\/brasil-convoca-equipe-de-ginastica-ritmica-para-mundial\/","title":{"rendered":"Brasil convoca equipe de gin\u00e1stica r\u00edtmica para Mundial"},"content":{"rendered":"<p>A Confedera\u00e7\u00e3o Brasileira de Gin\u00e1stica (CBF) anunciou a convoca\u00e7\u00e3o das ginastas que representar\u00e3o o Brasil no Mundial de Gin\u00e1stica R\u00edtmica, que acontecer\u00e1 em Frankfurt, na Alemanha, entre os dias 12 e 16 de agosto. Este evento \u00e9 significativo pois distribuir\u00e1 seis vagas para a Olimp\u00edada de Los Angeles 2028, com metade das oportunidades destinadas \u00e0 disputa por conjuntos.<\/p>\n<p>\\n<\/p>\n<p>A sele\u00e7\u00e3o brasileira chega ao Mundial com confian\u00e7a, ap\u00f3s uma s\u00e9rie de bons resultados no primeiro semestre do ano. Recentemente, no Pan-Americano de Gin\u00e1stica realizado no Rio de Janeiro, os atletas brasileiros conquistaram um total de oito medalhas, incluindo tr\u00eas de ouro. As ginastas convocadas foram escolhidas pela t\u00e9cnica Camila Ferezin, que manteve em sua maioria o elenco que brilhou na Copa do Mundo de Mil\u00e3o, na \u00faltima semana.<\/p>\n<p>\\n<\/p>\n<h2>Convocadas para o Mundial<\/h2>\n<p>\\n<\/p>\n<p>Entre as convocadas, destacam-se nomes como Maria Eduarda Arakaki, da equipe Marista de Macei\u00f3, e Nicole P\u00edrico. O conjunto ainda conta com outras talentosas atletas que t\u00eam tudo para brilhar na competi\u00e7\u00e3o. O Brasil ser\u00e1 representado tamb\u00e9m por ginastas na disputa individual, como B\u00e1rbara Domingos e Geovanna Santos da Silva. <\/p>\n","protected":false},"excerpt":{"rendered":"<p>A Confedera\u00e7\u00e3o Brasileira de Gin\u00e1stica (CBF) anunciou a convoca\u00e7\u00e3o das ginastas que representar\u00e3o o Brasil no Mundial de Gin\u00e1stica R\u00edtmica, que acontecer\u00e1 em Frankfurt, na Alemanha, entre os dias 12 e 16 de agosto. Este evento \u00e9 significativo pois distribuir\u00e1 seis vagas para a Olimp\u00edada de Los Angeles 2028, com metade das oportunidades destinadas \u00e0 [&hellip;]<\/p>\n","protected":false},"author":1,"featured_media":4383,"comment_status":"open","ping_status":"open","sticky":false,"template":"","format":"standard","meta":{"fifu_image_url":"","fifu_image_alt":"","footnotes":""},"categories":[11],"tags":[],"class_list":["post-4384","post","type-post","status-publish","format-standard","has-post-thumbnail","hentry","category-alagoas"],"_links":{"self":[{"href":"https:\/\/cnnbra.com.br\/al\/wp-json\/wp\/v2\/posts\/4384","targetHints":{"allow":["GET"]}}],"collection":[{"href":"https:\/\/cnnbra.com.br\/al\/wp-json\/wp\/v2\/posts"}],"about":[{"href":"https:\/\/cnnbra.com.br\/al\/wp-json\/wp\/v2\/types\/post"}],"author":[{"embeddable":true,"href":"https:\/\/cnnbra.com.br\/al\/wp-json\/wp\/v2\/users\/1"}],"replies":[{"embeddable":true,"href":"https:\/\/cnnbra.com.br\/al\/wp-json\/wp\/v2\/comments?post=4384"}],"version-history":[{"count":0,"href":"https:\/\/cnnbra.com.br\/al\/wp-json\/wp\/v2\/posts\/4384\/revisions"}],"wp:featuredmedia":[{"embeddable":true,"href":"https:\/\/cnnbra.com.br\/al\/wp-json\/wp\/v2\/media\/4383"}],"wp:attachment":[{"href":"https:\/\/cnnbra.com.br\/al\/wp-json\/wp\/v2\/media?parent=4384"}],"wp:term":[{"taxonomy":"category","embeddable":true,"href":"https:\/\/cnnbra.com.br\/al\/wp-json\/wp\/v2\/categories?post=4384"},{"taxonomy":"post_tag","embeddable":true,"href":"https:\/\/cnnbra.com.br\/al\/wp-json\/wp\/v2\/tags?post=4384"}],"curies":[{"name":"wp","href":"https:\/\/api.w.org\/{rel}","templated":true}]}}