{"id":4374,"date":"2026-07-16T18:29:49","date_gmt":"2026-07-16T18:29:49","guid":{"rendered":"https:\/\/cnnbra.com.br\/al\/blog\/2026\/07\/16\/preso-homem-acusado-de-devastar-caatinga-em-alagoas-com-800-hectares\/"},"modified":"2026-07-16T18:29:49","modified_gmt":"2026-07-16T18:29:49","slug":"preso-homem-acusado-de-devastar-caatinga-em-alagoas-com-800-hectares","status":"publish","type":"post","link":"https:\/\/cnnbra.com.br\/al\/blog\/2026\/07\/16\/preso-homem-acusado-de-devastar-caatinga-em-alagoas-com-800-hectares\/","title":{"rendered":"Preso homem acusado de devastar Caatinga em Alagoas com 800 hectares"},"content":{"rendered":"<p>Na quinta-feira (16), a Pol\u00edcia Federal prendeu um homem acusado de ser o maior devastador da Caatinga em Alagoas. A pris\u00e3o ocorreu em Traipu, durante o cumprimento de um mandado de pris\u00e3o preventiva. O crime cometido pelo investigado abrange uma \u00e1rea equivalente a 800 campos de futebol, segundo informa\u00e7\u00f5es do Minist\u00e9rio P\u00fablico do Estado de Alagoas (MPAL).<\/p>\n<p>\\n<\/p>\n<p>O homem j\u00e1 estava sob investiga\u00e7\u00e3o, tendo sido alvo de diversas opera\u00e7\u00f5es de fiscaliza\u00e7\u00e3o. Ele tamb\u00e9m enfrenta processos por homic\u00eddio qualificado e por integrar uma organiza\u00e7\u00e3o criminosa no Tribunal de Justi\u00e7a do Maranh\u00e3o. De acordo com o MPAL, as investiga\u00e7\u00f5es revelaram um modus operandi bem elaborado, incluindo a utiliza\u00e7\u00e3o de maquin\u00e1rio pesado e inc\u00eandios florestais para destruir a vegeta\u00e7\u00e3o nativa.<\/p>\n<p>\\n<\/p>\n<p>Al\u00e9m do desmatamento, a per\u00edcia confirmou o descarte inadequado de agrot\u00f3xicos, o que agrava ainda mais a situa\u00e7\u00e3o ao amea\u00e7ar a sa\u00fade p\u00fablica e o meio ambiente. Segundo o promotor de Justi\u00e7a Kleber Valadares, a pris\u00e3o \u00e9 uma resposta contundente \u00e0s pr\u00e1ticas de explora\u00e7\u00e3o predat\u00f3ria em Alagoas.<\/p>\n<p>\\n<\/p>\n<h2>Justi\u00e7a e Consequ\u00eancias Ambientais<\/h2>\n<p>\\n<\/p>\n<p>A Justi\u00e7a j\u00e1 bloqueou bens do acusado para reparar os danos causados e a\u00e7\u00f5es civis p\u00fablicas foram abertas para responsabiliz\u00e1-lo pelos preju\u00edzos ambientais. A intensifica\u00e7\u00e3o da fiscaliza\u00e7\u00e3o por parte do Ibama foi fundamental para identificar e documentar as infra\u00e7\u00f5es, permitindo assim as a\u00e7\u00f5es judiciais necess\u00e1rias. O MPAL reitera seu compromisso em proteger a Caatinga e suas comunidades.<\/p>\n","protected":false},"excerpt":{"rendered":"<p>Na quinta-feira (16), a Pol\u00edcia Federal prendeu um homem acusado de ser o maior devastador da Caatinga em Alagoas. A pris\u00e3o ocorreu em Traipu, durante o cumprimento de um mandado de pris\u00e3o preventiva. O crime cometido pelo investigado abrange uma \u00e1rea equivalente a 800 campos de futebol, segundo informa\u00e7\u00f5es do Minist\u00e9rio P\u00fablico do Estado de [&hellip;]<\/p>\n","protected":false},"author":1,"featured_media":4373,"comment_status":"open","ping_status":"open","sticky":false,"template":"","format":"standard","meta":{"fifu_image_url":"","fifu_image_alt":"","footnotes":""},"categories":[11],"tags":[],"class_list":["post-4374","post","type-post","status-publish","format-standard","has-post-thumbnail","hentry","category-alagoas"],"_links":{"self":[{"href":"https:\/\/cnnbra.com.br\/al\/wp-json\/wp\/v2\/posts\/4374","targetHints":{"allow":["GET"]}}],"collection":[{"href":"https:\/\/cnnbra.com.br\/al\/wp-json\/wp\/v2\/posts"}],"about":[{"href":"https:\/\/cnnbra.com.br\/al\/wp-json\/wp\/v2\/types\/post"}],"author":[{"embeddable":true,"href":"https:\/\/cnnbra.com.br\/al\/wp-json\/wp\/v2\/users\/1"}],"replies":[{"embeddable":true,"href":"https:\/\/cnnbra.com.br\/al\/wp-json\/wp\/v2\/comments?post=4374"}],"version-history":[{"count":0,"href":"https:\/\/cnnbra.com.br\/al\/wp-json\/wp\/v2\/posts\/4374\/revisions"}],"wp:featuredmedia":[{"embeddable":true,"href":"https:\/\/cnnbra.com.br\/al\/wp-json\/wp\/v2\/media\/4373"}],"wp:attachment":[{"href":"https:\/\/cnnbra.com.br\/al\/wp-json\/wp\/v2\/media?parent=4374"}],"wp:term":[{"taxonomy":"category","embeddable":true,"href":"https:\/\/cnnbra.com.br\/al\/wp-json\/wp\/v2\/categories?post=4374"},{"taxonomy":"post_tag","embeddable":true,"href":"https:\/\/cnnbra.com.br\/al\/wp-json\/wp\/v2\/tags?post=4374"}],"curies":[{"name":"wp","href":"https:\/\/api.w.org\/{rel}","templated":true}]}}