{"id":4370,"date":"2026-07-16T18:09:52","date_gmt":"2026-07-16T18:09:52","guid":{"rendered":"https:\/\/cnnbra.com.br\/al\/blog\/2026\/07\/16\/verstappen-promete-ficar-na-red-bull-ate-2028-diz-empresario\/"},"modified":"2026-07-16T18:09:52","modified_gmt":"2026-07-16T18:09:52","slug":"verstappen-promete-ficar-na-red-bull-ate-2028-diz-empresario","status":"publish","type":"post","link":"https:\/\/cnnbra.com.br\/al\/blog\/2026\/07\/16\/verstappen-promete-ficar-na-red-bull-ate-2028-diz-empresario\/","title":{"rendered":"Verstappen promete ficar na Red Bull at\u00e9 2028, diz empres\u00e1rio"},"content":{"rendered":"<p>Raymond Vermeulen, empres\u00e1rio de Max Verstappen, confirmou que o piloto seguir\u00e1 na Red Bull Racing at\u00e9 o fim de seu contrato, em 2028. A declara\u00e7\u00e3o vem ap\u00f3s rumores de que o tetracampe\u00e3o poderia deixar a equipe ainda este ano, com a McLaren como um dos poss\u00edveis destinos.<\/p>\n<p>\\n<\/p>\n<p>Vermeulen foi categ\u00f3rico ao afirmar que o objetivo de Verstappen \u00e9 cumprir integralmente o acordo com a Red Bull. &#8220;Max quer completar seu ciclo na Red Bull. Ele tem contrato at\u00e9 2028 e pretende cumpri-lo at\u00e9 o fim&#8221;, declarou em entrevista ao jornal austr\u00edaco OE24.<\/p>\n<p>\\n<\/p>\n<p>Apesar da estabilidade garantida pelo empres\u00e1rio, a temporada de 2026 tem sido desafiadora para Verstappen. Atualmente, ele ocupa a s\u00e9tima posi\u00e7\u00e3o no Mundial de Pilotos, com 76 pontos, bem distante do l\u00edder Kimi Antonelli, da Mercedes. O melhor desempenho de Verstappen at\u00e9 agora foi um segundo lugar no Grande Pr\u00eamio da \u00c1ustria.<\/p>\n","protected":false},"excerpt":{"rendered":"<p>Raymond Vermeulen, empres\u00e1rio de Max Verstappen, confirmou que o piloto seguir\u00e1 na Red Bull Racing at\u00e9 o fim de seu contrato, em 2028. A declara\u00e7\u00e3o vem ap\u00f3s rumores de que o tetracampe\u00e3o poderia deixar a equipe ainda este ano, com a McLaren como um dos poss\u00edveis destinos. \\n Vermeulen foi categ\u00f3rico ao afirmar que o [&hellip;]<\/p>\n","protected":false},"author":1,"featured_media":4369,"comment_status":"open","ping_status":"open","sticky":false,"template":"","format":"standard","meta":{"fifu_image_url":"","fifu_image_alt":"","footnotes":""},"categories":[11],"tags":[],"class_list":["post-4370","post","type-post","status-publish","format-standard","has-post-thumbnail","hentry","category-alagoas"],"_links":{"self":[{"href":"https:\/\/cnnbra.com.br\/al\/wp-json\/wp\/v2\/posts\/4370","targetHints":{"allow":["GET"]}}],"collection":[{"href":"https:\/\/cnnbra.com.br\/al\/wp-json\/wp\/v2\/posts"}],"about":[{"href":"https:\/\/cnnbra.com.br\/al\/wp-json\/wp\/v2\/types\/post"}],"author":[{"embeddable":true,"href":"https:\/\/cnnbra.com.br\/al\/wp-json\/wp\/v2\/users\/1"}],"replies":[{"embeddable":true,"href":"https:\/\/cnnbra.com.br\/al\/wp-json\/wp\/v2\/comments?post=4370"}],"version-history":[{"count":0,"href":"https:\/\/cnnbra.com.br\/al\/wp-json\/wp\/v2\/posts\/4370\/revisions"}],"wp:featuredmedia":[{"embeddable":true,"href":"https:\/\/cnnbra.com.br\/al\/wp-json\/wp\/v2\/media\/4369"}],"wp:attachment":[{"href":"https:\/\/cnnbra.com.br\/al\/wp-json\/wp\/v2\/media?parent=4370"}],"wp:term":[{"taxonomy":"category","embeddable":true,"href":"https:\/\/cnnbra.com.br\/al\/wp-json\/wp\/v2\/categories?post=4370"},{"taxonomy":"post_tag","embeddable":true,"href":"https:\/\/cnnbra.com.br\/al\/wp-json\/wp\/v2\/tags?post=4370"}],"curies":[{"name":"wp","href":"https:\/\/api.w.org\/{rel}","templated":true}]}}