{"id":4357,"date":"2026-07-16T16:30:23","date_gmt":"2026-07-16T16:30:23","guid":{"rendered":"https:\/\/cnnbra.com.br\/al\/blog\/2026\/07\/16\/alexandre-de-moraes-e-o-novo-presidente-do-stf-durante-recesso\/"},"modified":"2026-07-16T16:30:23","modified_gmt":"2026-07-16T16:30:23","slug":"alexandre-de-moraes-e-o-novo-presidente-do-stf-durante-recesso","status":"publish","type":"post","link":"https:\/\/cnnbra.com.br\/al\/blog\/2026\/07\/16\/alexandre-de-moraes-e-o-novo-presidente-do-stf-durante-recesso\/","title":{"rendered":"Alexandre de Moraes \u00e9 o novo presidente do STF durante recesso"},"content":{"rendered":"<p>O ministro Alexandre de Moraes assumir\u00e1, de forma interina, a presid\u00eancia do Supremo Tribunal Federal (STF) a partir de sexta-feira, 17, at\u00e9 o fim do recesso judici\u00e1rio em 31 de julho. Ele j\u00e1 ocupa o cargo de vice-presidente da Corte e substitui Edson Fachin durante suas f\u00e9rias.<\/p>\n<p>\\n<\/p>\n<p>Na presid\u00eancia, Moraes ter\u00e1 v\u00e1rias responsabilidades, dentre elas, controlar a pauta do STF e atuar como relator de processos em situa\u00e7\u00f5es espec\u00edficas. Isso inclui a possibilidade de tomar decis\u00f5es urgentes durante o recesso e decidir sobre habeas corpus que n\u00e3o sejam de compet\u00eancia do Supremo.<\/p>\n<p>\\n<\/p>\n<p>O recesso do STF n\u00e3o significa que o tribunal estar\u00e1 totalmente parado. Alguns ministros ir\u00e3o atuar de forma restringida, enquanto outros, como Moraes, continuar\u00e3o a trabalhar com casos importantes. Entre os temas est\u00e3o o cumprimento de penas relacionadas ao golpe de estado e fraudes envolvendo institui\u00e7\u00f5es como o Banco Master e o INSS.<\/p>\n","protected":false},"excerpt":{"rendered":"<p>O ministro Alexandre de Moraes assumir\u00e1, de forma interina, a presid\u00eancia do Supremo Tribunal Federal (STF) a partir de sexta-feira, 17, at\u00e9 o fim do recesso judici\u00e1rio em 31 de julho. Ele j\u00e1 ocupa o cargo de vice-presidente da Corte e substitui Edson Fachin durante suas f\u00e9rias. \\n Na presid\u00eancia, Moraes ter\u00e1 v\u00e1rias responsabilidades, dentre [&hellip;]<\/p>\n","protected":false},"author":1,"featured_media":4356,"comment_status":"open","ping_status":"open","sticky":false,"template":"","format":"standard","meta":{"fifu_image_url":"","fifu_image_alt":"","footnotes":""},"categories":[11],"tags":[],"class_list":["post-4357","post","type-post","status-publish","format-standard","has-post-thumbnail","hentry","category-alagoas"],"_links":{"self":[{"href":"https:\/\/cnnbra.com.br\/al\/wp-json\/wp\/v2\/posts\/4357","targetHints":{"allow":["GET"]}}],"collection":[{"href":"https:\/\/cnnbra.com.br\/al\/wp-json\/wp\/v2\/posts"}],"about":[{"href":"https:\/\/cnnbra.com.br\/al\/wp-json\/wp\/v2\/types\/post"}],"author":[{"embeddable":true,"href":"https:\/\/cnnbra.com.br\/al\/wp-json\/wp\/v2\/users\/1"}],"replies":[{"embeddable":true,"href":"https:\/\/cnnbra.com.br\/al\/wp-json\/wp\/v2\/comments?post=4357"}],"version-history":[{"count":0,"href":"https:\/\/cnnbra.com.br\/al\/wp-json\/wp\/v2\/posts\/4357\/revisions"}],"wp:featuredmedia":[{"embeddable":true,"href":"https:\/\/cnnbra.com.br\/al\/wp-json\/wp\/v2\/media\/4356"}],"wp:attachment":[{"href":"https:\/\/cnnbra.com.br\/al\/wp-json\/wp\/v2\/media?parent=4357"}],"wp:term":[{"taxonomy":"category","embeddable":true,"href":"https:\/\/cnnbra.com.br\/al\/wp-json\/wp\/v2\/categories?post=4357"},{"taxonomy":"post_tag","embeddable":true,"href":"https:\/\/cnnbra.com.br\/al\/wp-json\/wp\/v2\/tags?post=4357"}],"curies":[{"name":"wp","href":"https:\/\/api.w.org\/{rel}","templated":true}]}}