{"id":4353,"date":"2026-07-16T16:29:43","date_gmt":"2026-07-16T16:29:43","guid":{"rendered":"https:\/\/cnnbra.com.br\/al\/blog\/2026\/07\/16\/moraes-assume-presidencia-temporaria-do-stf-nesta-sexta-feira\/"},"modified":"2026-07-16T16:29:43","modified_gmt":"2026-07-16T16:29:43","slug":"moraes-assume-presidencia-temporaria-do-stf-nesta-sexta-feira","status":"publish","type":"post","link":"https:\/\/cnnbra.com.br\/al\/blog\/2026\/07\/16\/moraes-assume-presidencia-temporaria-do-stf-nesta-sexta-feira\/","title":{"rendered":"Moraes assume presid\u00eancia tempor\u00e1ria do STF nesta sexta-feira"},"content":{"rendered":"<p>O ministro Alexandre de Moraes assumir\u00e1, a partir desta sexta-feira (17), a presid\u00eancia tempor\u00e1ria do Supremo Tribunal Federal (STF). O cargo estava sob a responsabilidade do ministro Edson Fachin desde o in\u00edcio do recesso da Corte, que come\u00e7ou no dia 2 de julho.<\/p>\n<p>\\n<\/p>\n<p>Apesar do recesso, alguns ministros do STF, como Gilmar Mendes e Nunes Marques, continuar\u00e3o a exercer suas fun\u00e7\u00f5es. O regime de plant\u00e3o seguir\u00e1 at\u00e9 o dia 31 de julho, garantindo que quest\u00f5es urgentes sejam tratadas, mesmo com a suspens\u00e3o das atividades no plen\u00e1rio f\u00edsico.<\/p>\n<p>\\n<\/p>\n<p>Vale destacar que processos programados para este per\u00edodo ser\u00e3o prorrogados para o dia 3 de agosto, data em que as atividades ser\u00e3o reiniciadas. Essa transi\u00e7\u00e3o \u00e9 importante para o funcionamento da Justi\u00e7a e para o impacto nas decis\u00f5es que afetam a popula\u00e7\u00e3o alagoana.<\/p>\n","protected":false},"excerpt":{"rendered":"<p>O ministro Alexandre de Moraes assumir\u00e1, a partir desta sexta-feira (17), a presid\u00eancia tempor\u00e1ria do Supremo Tribunal Federal (STF). O cargo estava sob a responsabilidade do ministro Edson Fachin desde o in\u00edcio do recesso da Corte, que come\u00e7ou no dia 2 de julho. \\n Apesar do recesso, alguns ministros do STF, como Gilmar Mendes e [&hellip;]<\/p>\n","protected":false},"author":1,"featured_media":4352,"comment_status":"open","ping_status":"open","sticky":false,"template":"","format":"standard","meta":{"fifu_image_url":"","fifu_image_alt":"","footnotes":""},"categories":[11],"tags":[],"class_list":["post-4353","post","type-post","status-publish","format-standard","has-post-thumbnail","hentry","category-alagoas"],"_links":{"self":[{"href":"https:\/\/cnnbra.com.br\/al\/wp-json\/wp\/v2\/posts\/4353","targetHints":{"allow":["GET"]}}],"collection":[{"href":"https:\/\/cnnbra.com.br\/al\/wp-json\/wp\/v2\/posts"}],"about":[{"href":"https:\/\/cnnbra.com.br\/al\/wp-json\/wp\/v2\/types\/post"}],"author":[{"embeddable":true,"href":"https:\/\/cnnbra.com.br\/al\/wp-json\/wp\/v2\/users\/1"}],"replies":[{"embeddable":true,"href":"https:\/\/cnnbra.com.br\/al\/wp-json\/wp\/v2\/comments?post=4353"}],"version-history":[{"count":0,"href":"https:\/\/cnnbra.com.br\/al\/wp-json\/wp\/v2\/posts\/4353\/revisions"}],"wp:featuredmedia":[{"embeddable":true,"href":"https:\/\/cnnbra.com.br\/al\/wp-json\/wp\/v2\/media\/4352"}],"wp:attachment":[{"href":"https:\/\/cnnbra.com.br\/al\/wp-json\/wp\/v2\/media?parent=4353"}],"wp:term":[{"taxonomy":"category","embeddable":true,"href":"https:\/\/cnnbra.com.br\/al\/wp-json\/wp\/v2\/categories?post=4353"},{"taxonomy":"post_tag","embeddable":true,"href":"https:\/\/cnnbra.com.br\/al\/wp-json\/wp\/v2\/tags?post=4353"}],"curies":[{"name":"wp","href":"https:\/\/api.w.org\/{rel}","templated":true}]}}