{"id":4349,"date":"2026-07-16T15:49:14","date_gmt":"2026-07-16T15:49:14","guid":{"rendered":"https:\/\/cnnbra.com.br\/al\/blog\/2026\/07\/16\/falecimento-do-jornalista-renato-machado-aos-83-anos\/"},"modified":"2026-07-16T15:49:14","modified_gmt":"2026-07-16T15:49:14","slug":"falecimento-do-jornalista-renato-machado-aos-83-anos","status":"publish","type":"post","link":"https:\/\/cnnbra.com.br\/al\/blog\/2026\/07\/16\/falecimento-do-jornalista-renato-machado-aos-83-anos\/","title":{"rendered":"Falecimento do jornalista Renato Machado aos 83 anos"},"content":{"rendered":"<p>Morreu nesta quinta-feira (16), aos 83 anos, o jornalista Renato Machado, na Cl\u00ednica S\u00e3o Vicente, no Rio de Janeiro. Embora a causa da morte n\u00e3o tenha sido divulgada, a cl\u00ednica emitiu um comunicado lamentando sua partida e se solidarizando com a fam\u00edlia.<\/p>\n<p>\\n<\/p>\n<p>Natural do Rio de Janeiro, onde nasceu em 21 de mar\u00e7o de 1943, Renato come\u00e7ou sua carreira no jornalismo na TV Globo, onde se destacou como \u00e2ncora do telejornal Bom Dia Brasil. Sua trajet\u00f3ria inclui coberturas marcantes, como a Guerra das Malvinas e o impeachment de Fernando Collor, refletindo seu compromisso com a informa\u00e7\u00e3o de qualidade.<\/p>\n<p>\\n<\/p>\n<p>Al\u00e9m de suas contribui\u00e7\u00f5es nos telejornais, Renato tamb\u00e9m atuou como correspondente internacional e escritor, destacando-se por suas cr\u00f4nicas sobre assuntos pol\u00edticos e sua paix\u00e3o por vinhos. O legado de Renato Machado permanece na mem\u00f3ria de espectadores e colegas que acompanharam sua carreira ao longo das d\u00e9cadas.<\/p>\n","protected":false},"excerpt":{"rendered":"<p>Morreu nesta quinta-feira (16), aos 83 anos, o jornalista Renato Machado, na Cl\u00ednica S\u00e3o Vicente, no Rio de Janeiro. Embora a causa da morte n\u00e3o tenha sido divulgada, a cl\u00ednica emitiu um comunicado lamentando sua partida e se solidarizando com a fam\u00edlia. \\n Natural do Rio de Janeiro, onde nasceu em 21 de mar\u00e7o de [&hellip;]<\/p>\n","protected":false},"author":1,"featured_media":4348,"comment_status":"open","ping_status":"open","sticky":false,"template":"","format":"standard","meta":{"fifu_image_url":"","fifu_image_alt":"","footnotes":""},"categories":[11],"tags":[],"class_list":["post-4349","post","type-post","status-publish","format-standard","has-post-thumbnail","hentry","category-alagoas"],"_links":{"self":[{"href":"https:\/\/cnnbra.com.br\/al\/wp-json\/wp\/v2\/posts\/4349","targetHints":{"allow":["GET"]}}],"collection":[{"href":"https:\/\/cnnbra.com.br\/al\/wp-json\/wp\/v2\/posts"}],"about":[{"href":"https:\/\/cnnbra.com.br\/al\/wp-json\/wp\/v2\/types\/post"}],"author":[{"embeddable":true,"href":"https:\/\/cnnbra.com.br\/al\/wp-json\/wp\/v2\/users\/1"}],"replies":[{"embeddable":true,"href":"https:\/\/cnnbra.com.br\/al\/wp-json\/wp\/v2\/comments?post=4349"}],"version-history":[{"count":0,"href":"https:\/\/cnnbra.com.br\/al\/wp-json\/wp\/v2\/posts\/4349\/revisions"}],"wp:featuredmedia":[{"embeddable":true,"href":"https:\/\/cnnbra.com.br\/al\/wp-json\/wp\/v2\/media\/4348"}],"wp:attachment":[{"href":"https:\/\/cnnbra.com.br\/al\/wp-json\/wp\/v2\/media?parent=4349"}],"wp:term":[{"taxonomy":"category","embeddable":true,"href":"https:\/\/cnnbra.com.br\/al\/wp-json\/wp\/v2\/categories?post=4349"},{"taxonomy":"post_tag","embeddable":true,"href":"https:\/\/cnnbra.com.br\/al\/wp-json\/wp\/v2\/tags?post=4349"}],"curies":[{"name":"wp","href":"https:\/\/api.w.org\/{rel}","templated":true}]}}