{"id":4295,"date":"2026-07-16T06:09:31","date_gmt":"2026-07-16T06:09:31","guid":{"rendered":"https:\/\/cnnbra.com.br\/al\/blog\/2026\/07\/16\/demissao-de-ministro-da-defesa-da-ucrania-gera-repercussoes-globais\/"},"modified":"2026-07-16T06:09:31","modified_gmt":"2026-07-16T06:09:31","slug":"demissao-de-ministro-da-defesa-da-ucrania-gera-repercussoes-globais","status":"publish","type":"post","link":"https:\/\/cnnbra.com.br\/al\/blog\/2026\/07\/16\/demissao-de-ministro-da-defesa-da-ucrania-gera-repercussoes-globais\/","title":{"rendered":"Demiss\u00e3o de ministro da Defesa da Ucr\u00e2nia gera repercuss\u00f5es globais"},"content":{"rendered":"<p>O presidente da Ucr\u00e2nia, Volodymyr Zelensky, tomou uma decis\u00e3o impactante ao demitir o ministro da Defesa, Mykhailo Fedorov, ap\u00f3s apenas seis meses de mandato. Fedorov, de 35 anos, ganhou notoriedade por implementar tecnologias modernas que ajudaram o pa\u00eds a combater a agress\u00e3o russa e a corrup\u00e7\u00e3o.<\/p>\n<p>\\n<\/p>\n<p>A sa\u00edda do ministro gerou descontentamento entre os ucranianos, que reconhecem suas contribui\u00e7\u00f5es significativas para a moderniza\u00e7\u00e3o das For\u00e7as Armadas. Nas redes sociais, come\u00e7aram a circular convites para protestos em resposta \u00e0 demiss\u00e3o, refletindo a preocupa\u00e7\u00e3o com a situa\u00e7\u00e3o de seguran\u00e7a na Ucr\u00e2nia, especialmente em um momento em que o pa\u00eds enfrenta uma intensifica\u00e7\u00e3o dos ataques a\u00e9reos da R\u00fassia.<\/p>\n<p>\\n<\/p>\n<p>A demiss\u00e3o de Fedorov n\u00e3o s\u00f3 provoca debates na Ucr\u00e2nia, mas tamb\u00e9m afeta a comunidade internacional, que observa atentamente os desdobramentos da guerra. O que essa mudan\u00e7a poder\u00e1 significar para o suporte aliado e a estrat\u00e9gia de defesa ucraniana ainda \u00e9 uma quest\u00e3o em aberto.<\/p>\n","protected":false},"excerpt":{"rendered":"<p>O presidente da Ucr\u00e2nia, Volodymyr Zelensky, tomou uma decis\u00e3o impactante ao demitir o ministro da Defesa, Mykhailo Fedorov, ap\u00f3s apenas seis meses de mandato. Fedorov, de 35 anos, ganhou notoriedade por implementar tecnologias modernas que ajudaram o pa\u00eds a combater a agress\u00e3o russa e a corrup\u00e7\u00e3o. \\n A sa\u00edda do ministro gerou descontentamento entre os [&hellip;]<\/p>\n","protected":false},"author":1,"featured_media":4294,"comment_status":"open","ping_status":"open","sticky":false,"template":"","format":"standard","meta":{"fifu_image_url":"","fifu_image_alt":"","footnotes":""},"categories":[11],"tags":[],"class_list":["post-4295","post","type-post","status-publish","format-standard","has-post-thumbnail","hentry","category-alagoas"],"_links":{"self":[{"href":"https:\/\/cnnbra.com.br\/al\/wp-json\/wp\/v2\/posts\/4295","targetHints":{"allow":["GET"]}}],"collection":[{"href":"https:\/\/cnnbra.com.br\/al\/wp-json\/wp\/v2\/posts"}],"about":[{"href":"https:\/\/cnnbra.com.br\/al\/wp-json\/wp\/v2\/types\/post"}],"author":[{"embeddable":true,"href":"https:\/\/cnnbra.com.br\/al\/wp-json\/wp\/v2\/users\/1"}],"replies":[{"embeddable":true,"href":"https:\/\/cnnbra.com.br\/al\/wp-json\/wp\/v2\/comments?post=4295"}],"version-history":[{"count":0,"href":"https:\/\/cnnbra.com.br\/al\/wp-json\/wp\/v2\/posts\/4295\/revisions"}],"wp:featuredmedia":[{"embeddable":true,"href":"https:\/\/cnnbra.com.br\/al\/wp-json\/wp\/v2\/media\/4294"}],"wp:attachment":[{"href":"https:\/\/cnnbra.com.br\/al\/wp-json\/wp\/v2\/media?parent=4295"}],"wp:term":[{"taxonomy":"category","embeddable":true,"href":"https:\/\/cnnbra.com.br\/al\/wp-json\/wp\/v2\/categories?post=4295"},{"taxonomy":"post_tag","embeddable":true,"href":"https:\/\/cnnbra.com.br\/al\/wp-json\/wp\/v2\/tags?post=4295"}],"curies":[{"name":"wp","href":"https:\/\/api.w.org\/{rel}","templated":true}]}}