{"id":4283,"date":"2026-07-16T01:30:32","date_gmt":"2026-07-16T01:30:32","guid":{"rendered":"https:\/\/cnnbra.com.br\/al\/blog\/2026\/07\/16\/acoes-contra-crime-organizado-no-setor-de-combustiveis-em-alagoas\/"},"modified":"2026-07-16T01:30:32","modified_gmt":"2026-07-16T01:30:32","slug":"acoes-contra-crime-organizado-no-setor-de-combustiveis-em-alagoas","status":"publish","type":"post","link":"https:\/\/cnnbra.com.br\/al\/blog\/2026\/07\/16\/acoes-contra-crime-organizado-no-setor-de-combustiveis-em-alagoas\/","title":{"rendered":"A\u00e7\u00f5es contra crime organizado no setor de combust\u00edveis em Alagoas"},"content":{"rendered":"<p>O Minist\u00e9rio da Justi\u00e7a e Seguran\u00e7a P\u00fablica promoveu, na quarta-feira (15), uma reuni\u00e3o t\u00e9cnica no Rio de Janeiro para discutir o combate ao crime organizado no mercado formal de combust\u00edveis. Essa iniciativa \u00e9 crucial tamb\u00e9m para o nosso estado, onde o setor enfrenta desafios incessantes que impactam diretamente a popula\u00e7\u00e3o.<\/p>\n<p>\\n<\/p>\n<p>O ministro Wellington C\u00e9sar Lima e Silva destacou que a articula\u00e7\u00e3o entre as for\u00e7as policiais e de intelig\u00eancia ser\u00e1 fundamental para lidar com a evolu\u00e7\u00e3o do crime no mercado formal. A presen\u00e7a do crime organizado no setor de combust\u00edveis amea\u00e7a a economia local e a seguran\u00e7a dos cidad\u00e3os em Alagoas.<\/p>\n<p>\\n<\/p>\n<p>Al\u00e9m disso, o procurador-geral de Justi\u00e7a do Rio de Janeiro, Antonio Campos Moreira, chamou a aten\u00e7\u00e3o para a gravidade do cen\u00e1rio, onde o tr\u00e1fico de drogas se torna uma atividade secund\u00e1ria no controle territorial das organiza\u00e7\u00f5es criminosas. O que se v\u00ea no Rio pode se refletir em outras regi\u00f5es, como Macei\u00f3 e suas adjac\u00eancias.<\/p>\n","protected":false},"excerpt":{"rendered":"<p>O Minist\u00e9rio da Justi\u00e7a e Seguran\u00e7a P\u00fablica promoveu, na quarta-feira (15), uma reuni\u00e3o t\u00e9cnica no Rio de Janeiro para discutir o combate ao crime organizado no mercado formal de combust\u00edveis. Essa iniciativa \u00e9 crucial tamb\u00e9m para o nosso estado, onde o setor enfrenta desafios incessantes que impactam diretamente a popula\u00e7\u00e3o. \\n O ministro Wellington C\u00e9sar [&hellip;]<\/p>\n","protected":false},"author":1,"featured_media":4282,"comment_status":"open","ping_status":"open","sticky":false,"template":"","format":"standard","meta":{"fifu_image_url":"","fifu_image_alt":"","footnotes":""},"categories":[11],"tags":[],"class_list":["post-4283","post","type-post","status-publish","format-standard","has-post-thumbnail","hentry","category-alagoas"],"_links":{"self":[{"href":"https:\/\/cnnbra.com.br\/al\/wp-json\/wp\/v2\/posts\/4283","targetHints":{"allow":["GET"]}}],"collection":[{"href":"https:\/\/cnnbra.com.br\/al\/wp-json\/wp\/v2\/posts"}],"about":[{"href":"https:\/\/cnnbra.com.br\/al\/wp-json\/wp\/v2\/types\/post"}],"author":[{"embeddable":true,"href":"https:\/\/cnnbra.com.br\/al\/wp-json\/wp\/v2\/users\/1"}],"replies":[{"embeddable":true,"href":"https:\/\/cnnbra.com.br\/al\/wp-json\/wp\/v2\/comments?post=4283"}],"version-history":[{"count":0,"href":"https:\/\/cnnbra.com.br\/al\/wp-json\/wp\/v2\/posts\/4283\/revisions"}],"wp:featuredmedia":[{"embeddable":true,"href":"https:\/\/cnnbra.com.br\/al\/wp-json\/wp\/v2\/media\/4282"}],"wp:attachment":[{"href":"https:\/\/cnnbra.com.br\/al\/wp-json\/wp\/v2\/media?parent=4283"}],"wp:term":[{"taxonomy":"category","embeddable":true,"href":"https:\/\/cnnbra.com.br\/al\/wp-json\/wp\/v2\/categories?post=4283"},{"taxonomy":"post_tag","embeddable":true,"href":"https:\/\/cnnbra.com.br\/al\/wp-json\/wp\/v2\/tags?post=4283"}],"curies":[{"name":"wp","href":"https:\/\/api.w.org\/{rel}","templated":true}]}}