{"id":4269,"date":"2026-07-16T00:09:54","date_gmt":"2026-07-16T00:09:54","guid":{"rendered":"https:\/\/cnnbra.com.br\/al\/blog\/2026\/07\/16\/jogadores-da-argentina-exaltam-malvinas-apos-vitoria-sobre-inglaterra\/"},"modified":"2026-07-16T00:09:54","modified_gmt":"2026-07-16T00:09:54","slug":"jogadores-da-argentina-exaltam-malvinas-apos-vitoria-sobre-inglaterra","status":"publish","type":"post","link":"https:\/\/cnnbra.com.br\/al\/blog\/2026\/07\/16\/jogadores-da-argentina-exaltam-malvinas-apos-vitoria-sobre-inglaterra\/","title":{"rendered":"Jogadores da Argentina exaltam Malvinas ap\u00f3s vit\u00f3ria sobre Inglaterra"},"content":{"rendered":"<p>A vit\u00f3ria da Argentina sobre a Inglaterra nesta quarta-feira, 15, no Mercedes-Benz Stadium, foi al\u00e9m de um simples jogo de futebol. Durante a celebra\u00e7\u00e3o, os jogadores argentinos, liderados por Lo Celso, mostraram uma bandeira com a frase &#8220;as Malvinas s\u00e3o argentinas&#8221;, reacendendo o debate sobre a disputa territorial que marcou a hist\u00f3ria dos dois pa\u00edses.<\/p>\n<p>\\n<\/p>\n<p>O t\u00e9cnico Lionel Scaloni havia solicitado que a partida n\u00e3o fosse vista pelo prisma da Guerra das Malvinas, mas a emo\u00e7\u00e3o dos jogadores e torcedores n\u00e3o permitiu isso. Leandro Paredes expressou o sentimento coletivo: &#8220;As Malvinas sempre ser\u00e3o argentinas&#8221;. A lembran\u00e7a do conflito, que resultou em 649 argentinos mortos, voltou \u00e0 tona nesta comemora\u00e7\u00e3o.<\/p>\n<p>\\n<\/p>\n<p>A m\u00fasica que ecoou nas arquibancadas, &#8220;quem n\u00e3o salta \u00e9 um ingl\u00eas&#8221;, tem ra\u00edzes nas manifesta\u00e7\u00f5es de apoio que aconteceram em Buenos Aires durante a guerra em 1982. Este c\u00e2ntico agora ressoou fortemente, refletindo a paix\u00e3o nacional e a presen\u00e7a da hist\u00f3ria at\u00e9 mesmo nas competi\u00e7\u00f5es esportivas, como a Copa do Mundo.<\/p>\n","protected":false},"excerpt":{"rendered":"<p>A vit\u00f3ria da Argentina sobre a Inglaterra nesta quarta-feira, 15, no Mercedes-Benz Stadium, foi al\u00e9m de um simples jogo de futebol. Durante a celebra\u00e7\u00e3o, os jogadores argentinos, liderados por Lo Celso, mostraram uma bandeira com a frase &#8220;as Malvinas s\u00e3o argentinas&#8221;, reacendendo o debate sobre a disputa territorial que marcou a hist\u00f3ria dos dois pa\u00edses. [&hellip;]<\/p>\n","protected":false},"author":1,"featured_media":4268,"comment_status":"open","ping_status":"open","sticky":false,"template":"","format":"standard","meta":{"fifu_image_url":"","fifu_image_alt":"","footnotes":""},"categories":[11],"tags":[],"class_list":["post-4269","post","type-post","status-publish","format-standard","has-post-thumbnail","hentry","category-alagoas"],"_links":{"self":[{"href":"https:\/\/cnnbra.com.br\/al\/wp-json\/wp\/v2\/posts\/4269","targetHints":{"allow":["GET"]}}],"collection":[{"href":"https:\/\/cnnbra.com.br\/al\/wp-json\/wp\/v2\/posts"}],"about":[{"href":"https:\/\/cnnbra.com.br\/al\/wp-json\/wp\/v2\/types\/post"}],"author":[{"embeddable":true,"href":"https:\/\/cnnbra.com.br\/al\/wp-json\/wp\/v2\/users\/1"}],"replies":[{"embeddable":true,"href":"https:\/\/cnnbra.com.br\/al\/wp-json\/wp\/v2\/comments?post=4269"}],"version-history":[{"count":0,"href":"https:\/\/cnnbra.com.br\/al\/wp-json\/wp\/v2\/posts\/4269\/revisions"}],"wp:featuredmedia":[{"embeddable":true,"href":"https:\/\/cnnbra.com.br\/al\/wp-json\/wp\/v2\/media\/4268"}],"wp:attachment":[{"href":"https:\/\/cnnbra.com.br\/al\/wp-json\/wp\/v2\/media?parent=4269"}],"wp:term":[{"taxonomy":"category","embeddable":true,"href":"https:\/\/cnnbra.com.br\/al\/wp-json\/wp\/v2\/categories?post=4269"},{"taxonomy":"post_tag","embeddable":true,"href":"https:\/\/cnnbra.com.br\/al\/wp-json\/wp\/v2\/tags?post=4269"}],"curies":[{"name":"wp","href":"https:\/\/api.w.org\/{rel}","templated":true}]}}