{"id":4265,"date":"2026-07-16T00:09:16","date_gmt":"2026-07-16T00:09:16","guid":{"rendered":"https:\/\/cnnbra.com.br\/al\/blog\/2026\/07\/16\/light-encerra-recuperacao-judicial-e-planeja-aumento-de-capital\/"},"modified":"2026-07-16T00:09:16","modified_gmt":"2026-07-16T00:09:16","slug":"light-encerra-recuperacao-judicial-e-planeja-aumento-de-capital","status":"publish","type":"post","link":"https:\/\/cnnbra.com.br\/al\/blog\/2026\/07\/16\/light-encerra-recuperacao-judicial-e-planeja-aumento-de-capital\/","title":{"rendered":"Light encerra recupera\u00e7\u00e3o judicial e planeja aumento de capital"},"content":{"rendered":"<p>A concession\u00e1ria de energia Light informou que protocolou o pedido para encerrar sua recupera\u00e7\u00e3o judicial, ap\u00f3s cumprir as obriga\u00e7\u00f5es previstas no plano aprovado pela Justi\u00e7a do Rio de Janeiro. Essa recupera\u00e7\u00e3o teve in\u00edcio em 2023 e a empresa se prepara para seguir um novo caminho com essa medida.<\/p>\n<p>\\n<\/p>\n<p>No mesmo comunicado, a Light anunciou que seu conselho de administra\u00e7\u00e3o aprovou um aumento de capital de R$ 1,5 bilh\u00e3o, com a emiss\u00e3o de cerca de 240 mil novas a\u00e7\u00f5es ordin\u00e1rias a um pre\u00e7o de R$ 6,29 cada. Essa movimenta\u00e7\u00e3o poder\u00e1 impactar o mercado de energia e os investimentos em empresas do setor.<\/p>\n<p>\\n<\/p>\n<p>Os alagoanos e, especialmente, os moradores de Macei\u00f3 devem ficar atentos a essas mudan\u00e7as, que podem influenciar as tarifas e a qualidade do servi\u00e7o prestado na regi\u00e3o. A Light se comprometeu a manter o p\u00fablico informado sobre atualiza\u00e7\u00f5es relevantes.<\/p>\n","protected":false},"excerpt":{"rendered":"<p>A concession\u00e1ria de energia Light informou que protocolou o pedido para encerrar sua recupera\u00e7\u00e3o judicial, ap\u00f3s cumprir as obriga\u00e7\u00f5es previstas no plano aprovado pela Justi\u00e7a do Rio de Janeiro. Essa recupera\u00e7\u00e3o teve in\u00edcio em 2023 e a empresa se prepara para seguir um novo caminho com essa medida. \\n No mesmo comunicado, a Light anunciou [&hellip;]<\/p>\n","protected":false},"author":1,"featured_media":4264,"comment_status":"open","ping_status":"open","sticky":false,"template":"","format":"standard","meta":{"fifu_image_url":"","fifu_image_alt":"","footnotes":""},"categories":[11],"tags":[],"class_list":["post-4265","post","type-post","status-publish","format-standard","has-post-thumbnail","hentry","category-alagoas"],"_links":{"self":[{"href":"https:\/\/cnnbra.com.br\/al\/wp-json\/wp\/v2\/posts\/4265","targetHints":{"allow":["GET"]}}],"collection":[{"href":"https:\/\/cnnbra.com.br\/al\/wp-json\/wp\/v2\/posts"}],"about":[{"href":"https:\/\/cnnbra.com.br\/al\/wp-json\/wp\/v2\/types\/post"}],"author":[{"embeddable":true,"href":"https:\/\/cnnbra.com.br\/al\/wp-json\/wp\/v2\/users\/1"}],"replies":[{"embeddable":true,"href":"https:\/\/cnnbra.com.br\/al\/wp-json\/wp\/v2\/comments?post=4265"}],"version-history":[{"count":0,"href":"https:\/\/cnnbra.com.br\/al\/wp-json\/wp\/v2\/posts\/4265\/revisions"}],"wp:featuredmedia":[{"embeddable":true,"href":"https:\/\/cnnbra.com.br\/al\/wp-json\/wp\/v2\/media\/4264"}],"wp:attachment":[{"href":"https:\/\/cnnbra.com.br\/al\/wp-json\/wp\/v2\/media?parent=4265"}],"wp:term":[{"taxonomy":"category","embeddable":true,"href":"https:\/\/cnnbra.com.br\/al\/wp-json\/wp\/v2\/categories?post=4265"},{"taxonomy":"post_tag","embeddable":true,"href":"https:\/\/cnnbra.com.br\/al\/wp-json\/wp\/v2\/tags?post=4265"}],"curies":[{"name":"wp","href":"https:\/\/api.w.org\/{rel}","templated":true}]}}