{"id":4257,"date":"2026-07-15T21:10:13","date_gmt":"2026-07-15T21:10:13","guid":{"rendered":"https:\/\/cnnbra.com.br\/al\/blog\/2026\/07\/15\/camara-libera-verbas-para-defesa-civil-e-meio-ambiente-em-alagoas\/"},"modified":"2026-07-15T21:10:13","modified_gmt":"2026-07-15T21:10:13","slug":"camara-libera-verbas-para-defesa-civil-e-meio-ambiente-em-alagoas","status":"publish","type":"post","link":"https:\/\/cnnbra.com.br\/al\/blog\/2026\/07\/15\/camara-libera-verbas-para-defesa-civil-e-meio-ambiente-em-alagoas\/","title":{"rendered":"C\u00e2mara libera verbas para defesa civil e meio ambiente em Alagoas"},"content":{"rendered":"<p>A C\u00e2mara dos Deputados aprovou, nesta quarta-feira (15), seis medidas provis\u00f3rias que liberam cr\u00e9ditos especiais para importantes \u00e1reas, como defesa civil e meio ambiente. Esses recursos visam apoiar munic\u00edpios e fam\u00edlias afetadas por eventos clim\u00e1ticos extremos, al\u00e9m de a\u00e7\u00f5es na agricultura familiar e combate a inc\u00eandios florestais.<\/p>\n<p>\\n<\/p>\n<p>A MP 1347\/2026 destina R$ 285 milh\u00f5es ao Minist\u00e9rio da Integra\u00e7\u00e3o e do Desenvolvimento Regional. Essa verba ser\u00e1 utilizada para a recupera\u00e7\u00e3o de cidades alagoanas afetadas por desastres naturais, como as recentes chuvas intensas que causaram alagamentos em diversas regi\u00f5es do Brasil, incluindo partes de Alagoas.<\/p>\n<p>\\n<\/p>\n<p>Al\u00e9m disso, a MP 1367\/2026 libera R$ 337,5 milh\u00f5es para o Minist\u00e9rio do Meio Ambiente e Mudan\u00e7a do Clima, que envolver\u00e1 a\u00e7\u00f5es de preven\u00e7\u00e3o e controle de inc\u00eandios florestais. A medida \u00e9 essencial em um momento onde estados nordestinos, incluindo o nosso, enfrentam desafios com queimadas.<\/p>\n","protected":false},"excerpt":{"rendered":"<p>A C\u00e2mara dos Deputados aprovou, nesta quarta-feira (15), seis medidas provis\u00f3rias que liberam cr\u00e9ditos especiais para importantes \u00e1reas, como defesa civil e meio ambiente. Esses recursos visam apoiar munic\u00edpios e fam\u00edlias afetadas por eventos clim\u00e1ticos extremos, al\u00e9m de a\u00e7\u00f5es na agricultura familiar e combate a inc\u00eandios florestais. \\n A MP 1347\/2026 destina R$ 285 milh\u00f5es [&hellip;]<\/p>\n","protected":false},"author":1,"featured_media":4256,"comment_status":"open","ping_status":"open","sticky":false,"template":"","format":"standard","meta":{"fifu_image_url":"","fifu_image_alt":"","footnotes":""},"categories":[11],"tags":[],"class_list":["post-4257","post","type-post","status-publish","format-standard","has-post-thumbnail","hentry","category-alagoas"],"_links":{"self":[{"href":"https:\/\/cnnbra.com.br\/al\/wp-json\/wp\/v2\/posts\/4257","targetHints":{"allow":["GET"]}}],"collection":[{"href":"https:\/\/cnnbra.com.br\/al\/wp-json\/wp\/v2\/posts"}],"about":[{"href":"https:\/\/cnnbra.com.br\/al\/wp-json\/wp\/v2\/types\/post"}],"author":[{"embeddable":true,"href":"https:\/\/cnnbra.com.br\/al\/wp-json\/wp\/v2\/users\/1"}],"replies":[{"embeddable":true,"href":"https:\/\/cnnbra.com.br\/al\/wp-json\/wp\/v2\/comments?post=4257"}],"version-history":[{"count":0,"href":"https:\/\/cnnbra.com.br\/al\/wp-json\/wp\/v2\/posts\/4257\/revisions"}],"wp:featuredmedia":[{"embeddable":true,"href":"https:\/\/cnnbra.com.br\/al\/wp-json\/wp\/v2\/media\/4256"}],"wp:attachment":[{"href":"https:\/\/cnnbra.com.br\/al\/wp-json\/wp\/v2\/media?parent=4257"}],"wp:term":[{"taxonomy":"category","embeddable":true,"href":"https:\/\/cnnbra.com.br\/al\/wp-json\/wp\/v2\/categories?post=4257"},{"taxonomy":"post_tag","embeddable":true,"href":"https:\/\/cnnbra.com.br\/al\/wp-json\/wp\/v2\/tags?post=4257"}],"curies":[{"name":"wp","href":"https:\/\/api.w.org\/{rel}","templated":true}]}}