{"id":4253,"date":"2026-07-15T21:09:31","date_gmt":"2026-07-15T21:09:31","guid":{"rendered":"https:\/\/cnnbra.com.br\/al\/blog\/2026\/07\/15\/impacto-das-novas-tarifas-dos-eua-na-economia-alagoana-e-debatido\/"},"modified":"2026-07-15T21:09:31","modified_gmt":"2026-07-15T21:09:31","slug":"impacto-das-novas-tarifas-dos-eua-na-economia-alagoana-e-debatido","status":"publish","type":"post","link":"https:\/\/cnnbra.com.br\/al\/blog\/2026\/07\/15\/impacto-das-novas-tarifas-dos-eua-na-economia-alagoana-e-debatido\/","title":{"rendered":"Impacto das novas tarifas dos EUA na economia alagoana \u00e9 debatido"},"content":{"rendered":"<p>A recente comunica\u00e7\u00e3o da Secretaria de Pol\u00edtica Agr\u00edcola sobre as novas tarifas dos Estados Unidos trouxe \u00e0 tona preocupa\u00e7\u00f5es sobre o impacto na economia brasileira e, consequentemente, em Alagoas. Os especialistas ressaltam que a medida pode afetar diretamente setores como agricultura e exporta\u00e7\u00e3o.<\/p>\n<p>\\n<\/p>\n<p>Os produtores locais, principalmente nas cidades como Arapiraca e Palmeira dos \u00cdndios, devem estar atentos a poss\u00edveis altera\u00e7\u00f5es nos pre\u00e7os e nas condi\u00e7\u00f5es de mercado. A expectativa \u00e9 que os efeitos mais significativos demorem a ser sentidos, mas o alerta j\u00e1 foi dado.<\/p>\n<p>\\n<\/p>\n<p>A regi\u00e3o possui uma economia fortemente ligada \u00e0 produ\u00e7\u00e3o agr\u00edcola, e a an\u00e1lise das consequ\u00eancias dessas tarifas \u00e9 fundamental para o planejamento do setor. A esperan\u00e7a \u00e9 que o governo brasileiro consiga negociar condi\u00e7\u00f5es mais favor\u00e1veis para minimizar os impactos nas exporta\u00e7\u00f5es.<\/p>\n","protected":false},"excerpt":{"rendered":"<p>A recente comunica\u00e7\u00e3o da Secretaria de Pol\u00edtica Agr\u00edcola sobre as novas tarifas dos Estados Unidos trouxe \u00e0 tona preocupa\u00e7\u00f5es sobre o impacto na economia brasileira e, consequentemente, em Alagoas. Os especialistas ressaltam que a medida pode afetar diretamente setores como agricultura e exporta\u00e7\u00e3o. \\n Os produtores locais, principalmente nas cidades como Arapiraca e Palmeira dos [&hellip;]<\/p>\n","protected":false},"author":1,"featured_media":4252,"comment_status":"open","ping_status":"open","sticky":false,"template":"","format":"standard","meta":{"fifu_image_url":"","fifu_image_alt":"","footnotes":""},"categories":[11],"tags":[],"class_list":["post-4253","post","type-post","status-publish","format-standard","has-post-thumbnail","hentry","category-alagoas"],"_links":{"self":[{"href":"https:\/\/cnnbra.com.br\/al\/wp-json\/wp\/v2\/posts\/4253","targetHints":{"allow":["GET"]}}],"collection":[{"href":"https:\/\/cnnbra.com.br\/al\/wp-json\/wp\/v2\/posts"}],"about":[{"href":"https:\/\/cnnbra.com.br\/al\/wp-json\/wp\/v2\/types\/post"}],"author":[{"embeddable":true,"href":"https:\/\/cnnbra.com.br\/al\/wp-json\/wp\/v2\/users\/1"}],"replies":[{"embeddable":true,"href":"https:\/\/cnnbra.com.br\/al\/wp-json\/wp\/v2\/comments?post=4253"}],"version-history":[{"count":0,"href":"https:\/\/cnnbra.com.br\/al\/wp-json\/wp\/v2\/posts\/4253\/revisions"}],"wp:featuredmedia":[{"embeddable":true,"href":"https:\/\/cnnbra.com.br\/al\/wp-json\/wp\/v2\/media\/4252"}],"wp:attachment":[{"href":"https:\/\/cnnbra.com.br\/al\/wp-json\/wp\/v2\/media?parent=4253"}],"wp:term":[{"taxonomy":"category","embeddable":true,"href":"https:\/\/cnnbra.com.br\/al\/wp-json\/wp\/v2\/categories?post=4253"},{"taxonomy":"post_tag","embeddable":true,"href":"https:\/\/cnnbra.com.br\/al\/wp-json\/wp\/v2\/tags?post=4253"}],"curies":[{"name":"wp","href":"https:\/\/api.w.org\/{rel}","templated":true}]}}