{"id":4249,"date":"2026-07-15T19:49:20","date_gmt":"2026-07-15T19:49:20","guid":{"rendered":"https:\/\/cnnbra.com.br\/al\/blog\/2026\/07\/15\/denuncia-obra-parada-ha-3-meses-gera-transtornos-em-maceio\/"},"modified":"2026-07-15T19:49:20","modified_gmt":"2026-07-15T19:49:20","slug":"denuncia-obra-parada-ha-3-meses-gera-transtornos-em-maceio","status":"publish","type":"post","link":"https:\/\/cnnbra.com.br\/al\/blog\/2026\/07\/15\/denuncia-obra-parada-ha-3-meses-gera-transtornos-em-maceio\/","title":{"rendered":"Den\u00fancia: obra parada h\u00e1 3 meses gera transtornos em Macei\u00f3"},"content":{"rendered":"<p>Moradores do Conjunto Residencial Palmares III, localizado no bairro Cidade Universit\u00e1ria, em Macei\u00f3, procuraram a reportagem da TV Alagoas para denunciar a paralisa\u00e7\u00e3o de uma obra executada pela Prefeitura de Macei\u00f3. Segundo a comunidade, os servi\u00e7os est\u00e3o interrompidos h\u00e1 mais de tr\u00eas meses, deixando a via em condi\u00e7\u00f5es prec\u00e1rias e causando uma s\u00e9rie de transtornos para quem vive na regi\u00e3o.<\/p>\n<p>\\n<\/p>\n<p>De acordo com os moradores, al\u00e9m dos buracos e da dificuldade de circula\u00e7\u00e3o de ve\u00edculos e pedestres, o problema se agrava nos dias de chuva. Eles afirmam que a rua fica completamente alagada e que a \u00e1gua chega a invadir algumas resid\u00eancias, provocando preju\u00edzos materiais e aumentando a preocupa\u00e7\u00e3o com a sa\u00fade e a seguran\u00e7a das fam\u00edlias.<\/p>\n<p>\\n<\/p>\n<p>O morador Manoel Brasil relata que a comunidade aguarda a retomada dos trabalhos sem qualquer previs\u00e3o. &#8220;A obra est\u00e1 parada h\u00e1 mais de tr\u00eas meses e ningu\u00e9m d\u00e1 uma resposta. Quando chove, a rua vira um rio e a \u00e1gua entra nas casas. Estamos convivendo com lama, buracos e muita dificuldade para sair de casa. S\u00f3 queremos que a obra seja conclu\u00edda e que esse problema seja resolvido de uma vez por todas&#8221;, afirmou.<\/p>\n<p>\\n<\/p>\n<h2>Resposta da Prefeitura<\/h2>\n<p>\\n<\/p>\n<p>Os moradores cobram uma posi\u00e7\u00e3o da Prefeitura de Macei\u00f3 e pedem que a obra seja retomada o quanto antes, para evitar que a situa\u00e7\u00e3o continue causando transtornos, principalmente durante o per\u00edodo chuvoso. Em nota, a Seminfra informou que ir\u00e1 enviar uma equipe t\u00e9cnica ao local para realizar uma vistoria e avaliar as condi\u00e7\u00f5es do espa\u00e7o. Ap\u00f3s a inspe\u00e7\u00e3o, os servi\u00e7os necess\u00e1rios ser\u00e3o inclu\u00eddos na programa\u00e7\u00e3o de manuten\u00e7\u00e3o da Secretaria.<\/p>\n","protected":false},"excerpt":{"rendered":"<p>Moradores do Conjunto Residencial Palmares III, localizado no bairro Cidade Universit\u00e1ria, em Macei\u00f3, procuraram a reportagem da TV Alagoas para denunciar a paralisa\u00e7\u00e3o de uma obra executada pela Prefeitura de Macei\u00f3. Segundo a comunidade, os servi\u00e7os est\u00e3o interrompidos h\u00e1 mais de tr\u00eas meses, deixando a via em condi\u00e7\u00f5es prec\u00e1rias e causando uma s\u00e9rie de transtornos [&hellip;]<\/p>\n","protected":false},"author":1,"featured_media":4248,"comment_status":"open","ping_status":"open","sticky":false,"template":"","format":"standard","meta":{"fifu_image_url":"","fifu_image_alt":"","footnotes":""},"categories":[11],"tags":[],"class_list":["post-4249","post","type-post","status-publish","format-standard","has-post-thumbnail","hentry","category-alagoas"],"_links":{"self":[{"href":"https:\/\/cnnbra.com.br\/al\/wp-json\/wp\/v2\/posts\/4249","targetHints":{"allow":["GET"]}}],"collection":[{"href":"https:\/\/cnnbra.com.br\/al\/wp-json\/wp\/v2\/posts"}],"about":[{"href":"https:\/\/cnnbra.com.br\/al\/wp-json\/wp\/v2\/types\/post"}],"author":[{"embeddable":true,"href":"https:\/\/cnnbra.com.br\/al\/wp-json\/wp\/v2\/users\/1"}],"replies":[{"embeddable":true,"href":"https:\/\/cnnbra.com.br\/al\/wp-json\/wp\/v2\/comments?post=4249"}],"version-history":[{"count":0,"href":"https:\/\/cnnbra.com.br\/al\/wp-json\/wp\/v2\/posts\/4249\/revisions"}],"wp:featuredmedia":[{"embeddable":true,"href":"https:\/\/cnnbra.com.br\/al\/wp-json\/wp\/v2\/media\/4248"}],"wp:attachment":[{"href":"https:\/\/cnnbra.com.br\/al\/wp-json\/wp\/v2\/media?parent=4249"}],"wp:term":[{"taxonomy":"category","embeddable":true,"href":"https:\/\/cnnbra.com.br\/al\/wp-json\/wp\/v2\/categories?post=4249"},{"taxonomy":"post_tag","embeddable":true,"href":"https:\/\/cnnbra.com.br\/al\/wp-json\/wp\/v2\/tags?post=4249"}],"curies":[{"name":"wp","href":"https:\/\/api.w.org\/{rel}","templated":true}]}}