{"id":4247,"date":"2026-07-15T19:31:50","date_gmt":"2026-07-15T19:31:50","guid":{"rendered":"https:\/\/cnnbra.com.br\/al\/blog\/2026\/07\/15\/flamengo-empresta-atacante-carlinhos-ao-athletic-de-minas-gerais\/"},"modified":"2026-07-15T19:31:50","modified_gmt":"2026-07-15T19:31:50","slug":"flamengo-empresta-atacante-carlinhos-ao-athletic-de-minas-gerais","status":"publish","type":"post","link":"https:\/\/cnnbra.com.br\/al\/blog\/2026\/07\/15\/flamengo-empresta-atacante-carlinhos-ao-athletic-de-minas-gerais\/","title":{"rendered":"Flamengo empresta atacante Carlinhos ao Athletic de Minas Gerais"},"content":{"rendered":"<p>O Flamengo decidiu emprestar o atacante Carlinhos, de 29 anos, para o Athletic, clube que disputa a S\u00e9rie D do Campeonato Brasileiro. A transfer\u00eancia \u00e9 v\u00e1lida at\u00e9 o fim do contrato do jogador com o rubro-negro carioca.<\/p>\n<p>\\n<\/p>\n<p>Esse movimento pode impactar fans e jogadores alagoanos que acompanham o futebol, sendo que Carlinhos j\u00e1 teve passagens por diversos clubes e sua performance ser\u00e1 observada com aten\u00e7\u00e3o. O jogador espera ter mais oportunidades e contribuir para a campanha do Athletic na competi\u00e7\u00e3o.<\/p>\n<p>\\n<\/p>\n<p>Essa a\u00e7\u00e3o do Flamengo tamb\u00e9m demonstra a busca por uma melhor estrutura\u00e7\u00e3o de seu elenco, permitindo que jogadores em busca de mais minutos em campo se destaquem em outras equipes.<\/p>\n","protected":false},"excerpt":{"rendered":"<p>O Flamengo decidiu emprestar o atacante Carlinhos, de 29 anos, para o Athletic, clube que disputa a S\u00e9rie D do Campeonato Brasileiro. A transfer\u00eancia \u00e9 v\u00e1lida at\u00e9 o fim do contrato do jogador com o rubro-negro carioca. \\n Esse movimento pode impactar fans e jogadores alagoanos que acompanham o futebol, sendo que Carlinhos j\u00e1 teve [&hellip;]<\/p>\n","protected":false},"author":1,"featured_media":4246,"comment_status":"open","ping_status":"open","sticky":false,"template":"","format":"standard","meta":{"fifu_image_url":"","fifu_image_alt":"","footnotes":""},"categories":[11],"tags":[],"class_list":["post-4247","post","type-post","status-publish","format-standard","has-post-thumbnail","hentry","category-alagoas"],"_links":{"self":[{"href":"https:\/\/cnnbra.com.br\/al\/wp-json\/wp\/v2\/posts\/4247","targetHints":{"allow":["GET"]}}],"collection":[{"href":"https:\/\/cnnbra.com.br\/al\/wp-json\/wp\/v2\/posts"}],"about":[{"href":"https:\/\/cnnbra.com.br\/al\/wp-json\/wp\/v2\/types\/post"}],"author":[{"embeddable":true,"href":"https:\/\/cnnbra.com.br\/al\/wp-json\/wp\/v2\/users\/1"}],"replies":[{"embeddable":true,"href":"https:\/\/cnnbra.com.br\/al\/wp-json\/wp\/v2\/comments?post=4247"}],"version-history":[{"count":0,"href":"https:\/\/cnnbra.com.br\/al\/wp-json\/wp\/v2\/posts\/4247\/revisions"}],"wp:featuredmedia":[{"embeddable":true,"href":"https:\/\/cnnbra.com.br\/al\/wp-json\/wp\/v2\/media\/4246"}],"wp:attachment":[{"href":"https:\/\/cnnbra.com.br\/al\/wp-json\/wp\/v2\/media?parent=4247"}],"wp:term":[{"taxonomy":"category","embeddable":true,"href":"https:\/\/cnnbra.com.br\/al\/wp-json\/wp\/v2\/categories?post=4247"},{"taxonomy":"post_tag","embeddable":true,"href":"https:\/\/cnnbra.com.br\/al\/wp-json\/wp\/v2\/tags?post=4247"}],"curies":[{"name":"wp","href":"https:\/\/api.w.org\/{rel}","templated":true}]}}